{"id":10666,"date":"2023-11-16T18:17:23","date_gmt":"2023-11-16T22:17:23","guid":{"rendered":"https:\/\/panoramatv.com.do\/?p=10666"},"modified":"2023-11-16T18:17:36","modified_gmt":"2023-11-16T22:17:36","slug":"mescyt-en-la-42-conferencia-general-de-la-unesco-en-paris-francia","status":"publish","type":"post","link":"https:\/\/panoramatv.com.do\/index.php\/2023\/11\/16\/mescyt-en-la-42-conferencia-general-de-la-unesco-en-paris-francia\/","title":{"rendered":"MESCyT en la 42 Conferencia General de la UNESCO, en Par\u00eds, Francia"},"content":{"rendered":"\n<p><strong>PAR\u00cdS, Francia<\/strong>&#8211; El Ministerio de Educaci\u00f3n Superior, Ciencia y Tecnolog\u00eda (MESCYT) participa en la 42\u00aa Conferencia General de la Organizaci\u00f3n de las Naciones Unidas para la Educaci\u00f3n, la Ciencia y la Cultura (UNESCO), que tiene lugar en este pa\u00eds europeo.<\/p>\n\n\n\n<p>&nbsp;En representaci\u00f3n del ministro de esa instituci\u00f3n, Franklin Garc\u00eda Ferm\u00edn, participa Andr\u00e9s Merejo Checo, director de Fomento y Difusi\u00f3n de la Ciencia y la Tecnolog\u00eda del MESCYT, quien agota una agenda relacionada con la Inteligencia Artificia (IA) y Educaci\u00f3n Superior, la que incluye actividades como la Jornada Mundial de la Filosof\u00eda: IA y salud mental, desaf\u00edos y oportunidades, as\u00ed como violencia de g\u00e9nero en una era de IA generativa.<\/p>\n\n\n\n<p>As\u00ed lo inform\u00f3 el delegado permanente del pa\u00eds ante ese organismo multinacional, el embajador Andr\u00e9s L. Mateo.<\/p>\n\n\n\n<p>En el marco de la conferencia general de esa casa de las Naciones Unidas, el funcionario dominicano Andr\u00e9s Merejo, sostuvo una reuni\u00f3n con Fengchun Miao, jefe de la Unidad de Tecnolog\u00eda e Inteligencia Artificial en la Educaci\u00f3n, de la UNESCO, en la que trataron temas relacionados a la IA y \u00e9tica, tecnociencia, IA generativa, IA d\u00e9bil o corta, IA y filosof\u00eda, as\u00ed como su implicaci\u00f3n en la investigaci\u00f3n cient\u00edfica y la educaci\u00f3n superior.<\/p>\n\n\n<div class=\"wp-block-image\">\n<figure class=\"aligncenter size-large\"><img decoding=\"async\" src=\"https:\/\/images.panoramatv.com.do\/wp-content\/uploads\/2023\/11\/0-655694dd1bd91-1024x768.jpg\" alt=\"\" class=\"wp-image-10667\"\/><\/figure>\n<\/div>","protected":false},"excerpt":{"rendered":"<p>PAR\u00cdS, Francia&#8211; El Ministerio de Educaci\u00f3n Superior, Ciencia y Tecnolog\u00eda (MESCYT) participa en la 42\u00aa Conferencia General de la Organizaci\u00f3n de las Naciones Unidas para la Educaci\u00f3n, la Ciencia y la Cultura (UNESCO), que tiene lugar en este pa\u00eds europeo. &nbsp;En representaci\u00f3n del ministro de esa instituci\u00f3n, Franklin Garc\u00eda Ferm\u00edn, participa Andr\u00e9s Merejo Checo, director [&hellip;]<\/p>\n","protected":false},"author":1,"featured_media":10667,"comment_status":"open","ping_status":"open","sticky":false,"template":"","format":"standard","meta":{"_jetpack_memberships_contains_paid_content":false,"footnotes":"","jetpack_publicize_message":"","jetpack_publicize_feature_enabled":true,"jetpack_social_post_already_shared":true,"jetpack_social_options":{"image_generator_settings":{"template":"highway","enabled":false}}},"categories":[1],"tags":[768,877],"class_list":["post-10666","post","type-post","status-publish","format-standard","has-post-thumbnail","hentry","category-actualidad","tag-mescyt","tag-panoramatv"],"jetpack_publicize_connections":[],"jetpack_sharing_enabled":true,"jetpack_featured_media_url":"https:\/\/panoramatv.com.do\/wp-content\/uploads\/2023\/11\/0-655694dd1bd91-1225x919.jpg","jetpack_likes_enabled":true,"jetpack-related-posts":[],"_links":{"self":[{"href":"https:\/\/panoramatv.com.do\/index.php\/wp-json\/wp\/v2\/posts\/10666","targetHints":{"allow":["GET"]}}],"collection":[{"href":"https:\/\/panoramatv.com.do\/index.php\/wp-json\/wp\/v2\/posts"}],"about":[{"href":"https:\/\/panoramatv.com.do\/index.php\/wp-json\/wp\/v2\/types\/post"}],"author":[{"embeddable":true,"href":"https:\/\/panoramatv.com.do\/index.php\/wp-json\/wp\/v2\/users\/1"}],"replies":[{"embeddable":true,"href":"https:\/\/panoramatv.com.do\/index.php\/wp-json\/wp\/v2\/comments?post=10666"}],"version-history":[{"count":0,"href":"https:\/\/panoramatv.com.do\/index.php\/wp-json\/wp\/v2\/posts\/10666\/revisions"}],"wp:featuredmedia":[{"embeddable":true,"href":"https:\/\/panoramatv.com.do\/index.php\/wp-json\/wp\/v2\/media\/10667"}],"wp:attachment":[{"href":"https:\/\/panoramatv.com.do\/index.php\/wp-json\/wp\/v2\/media?parent=10666"}],"wp:term":[{"taxonomy":"category","embeddable":true,"href":"https:\/\/panoramatv.com.do\/index.php\/wp-json\/wp\/v2\/categories?post=10666"},{"taxonomy":"post_tag","embeddable":true,"href":"https:\/\/panoramatv.com.do\/index.php\/wp-json\/wp\/v2\/tags?post=10666"}],"curies":[{"name":"wp","href":"https:\/\/api.w.org\/{rel}","templated":true}]}}