{"id":10663,"date":"2023-11-16T18:15:43","date_gmt":"2023-11-16T22:15:43","guid":{"rendered":"https:\/\/panoramatv.com.do\/?p=10663"},"modified":"2023-11-16T18:15:57","modified_gmt":"2023-11-16T22:15:57","slug":"coronel-randolfo-rijo-asume-direccion-del-intrant","status":"publish","type":"post","link":"https:\/\/panoramatv.com.do\/index.php\/2023\/11\/16\/coronel-randolfo-rijo-asume-direccion-del-intrant\/","title":{"rendered":"Coronel Randolfo Rijo asume direcci\u00f3n del Intrant"},"content":{"rendered":"\n<p>El coronel piloto Randolfo Rijo, ERD, asumi\u00f3 este lunes como nuevo director ejecutivo del Instituto Nacional de Tr\u00e1nsito y Transporte Terrestre (INTRANT), quien estar\u00e1 en la instituci\u00f3n de forma interina y a t\u00edtulo honor\u00edfico, conforme al Decreto 578-23 dispuesto por el presidente Luis Abinader.<\/p>\n\n\n\n<p>El acto realizado en la sede de la referida instituci\u00f3n, estuvo encabezado por el ministro de la Presidencia, Joel Santos, quien afirm\u00f3 que \u201cdesde el Gobierno estamos confiados en la labor que puede realizar el coronel con los dem\u00e1s integrantes del equipo del Intrant, para continuar con los proyectos pendientes de ejecuci\u00f3n\u201d.<\/p>\n\n\n\n<p>Santos destac\u00f3 las habilidades que posee el coronel Rijo tanto en materia tecnol\u00f3gica como a nivel de tr\u00e1nsito, capacidades que asegur\u00f3 lo hicieron valedero para que el presidente Abinader deposite esa confianza, a fin de que pueda llevar a cabo las estrategias del Intrant y todos los temas que est\u00e1n en curso en la entidad.&nbsp;<\/p>\n\n\n\n<p>De su lado, el nuevo director interino de Intrant, Rijo G\u00f3mez, agradeci\u00f3 la confianza depositada en su persona, al tiempo de afirmar que cumplir\u00e1 el mandato del presidente de la Rep\u00fablica, Luis Abinader.<\/p>\n\n\n<div class=\"wp-block-image\">\n<figure class=\"aligncenter size-large\"><img decoding=\"async\" src=\"https:\/\/images.panoramatv.com.do\/wp-content\/uploads\/2023\/11\/unnamed-2-1024x682.jpg\" alt=\"\" class=\"wp-image-10664\"\/><\/figure>\n<\/div>","protected":false},"excerpt":{"rendered":"<p>El coronel piloto Randolfo Rijo, ERD, asumi\u00f3 este lunes como nuevo director ejecutivo del Instituto Nacional de Tr\u00e1nsito y Transporte Terrestre (INTRANT), quien estar\u00e1 en la instituci\u00f3n de forma interina y a t\u00edtulo honor\u00edfico, conforme al Decreto 578-23 dispuesto por el presidente Luis Abinader. El acto realizado en la sede de la referida instituci\u00f3n, estuvo [&hellip;]<\/p>\n","protected":false},"author":1,"featured_media":10664,"comment_status":"open","ping_status":"open","sticky":false,"template":"","format":"standard","meta":{"_jetpack_memberships_contains_paid_content":false,"footnotes":"","jetpack_publicize_message":"","jetpack_publicize_feature_enabled":true,"jetpack_social_post_already_shared":true,"jetpack_social_options":{"image_generator_settings":{"template":"highway","enabled":false}}},"categories":[1],"tags":[92,877],"class_list":["post-10663","post","type-post","status-publish","format-standard","has-post-thumbnail","hentry","category-actualidad","tag-intrant","tag-panoramatv"],"jetpack_publicize_connections":[],"jetpack_sharing_enabled":true,"jetpack_featured_media_url":"https:\/\/panoramatv.com.do\/wp-content\/uploads\/2023\/11\/unnamed-2-1600x1066.jpg","jetpack_likes_enabled":true,"jetpack-related-posts":[],"_links":{"self":[{"href":"https:\/\/panoramatv.com.do\/index.php\/wp-json\/wp\/v2\/posts\/10663","targetHints":{"allow":["GET"]}}],"collection":[{"href":"https:\/\/panoramatv.com.do\/index.php\/wp-json\/wp\/v2\/posts"}],"about":[{"href":"https:\/\/panoramatv.com.do\/index.php\/wp-json\/wp\/v2\/types\/post"}],"author":[{"embeddable":true,"href":"https:\/\/panoramatv.com.do\/index.php\/wp-json\/wp\/v2\/users\/1"}],"replies":[{"embeddable":true,"href":"https:\/\/panoramatv.com.do\/index.php\/wp-json\/wp\/v2\/comments?post=10663"}],"version-history":[{"count":0,"href":"https:\/\/panoramatv.com.do\/index.php\/wp-json\/wp\/v2\/posts\/10663\/revisions"}],"wp:featuredmedia":[{"embeddable":true,"href":"https:\/\/panoramatv.com.do\/index.php\/wp-json\/wp\/v2\/media\/10664"}],"wp:attachment":[{"href":"https:\/\/panoramatv.com.do\/index.php\/wp-json\/wp\/v2\/media?parent=10663"}],"wp:term":[{"taxonomy":"category","embeddable":true,"href":"https:\/\/panoramatv.com.do\/index.php\/wp-json\/wp\/v2\/categories?post=10663"},{"taxonomy":"post_tag","embeddable":true,"href":"https:\/\/panoramatv.com.do\/index.php\/wp-json\/wp\/v2\/tags?post=10663"}],"curies":[{"name":"wp","href":"https:\/\/api.w.org\/{rel}","templated":true}]}}