{"id":10626,"date":"2023-11-16T17:58:59","date_gmt":"2023-11-16T21:58:59","guid":{"rendered":"https:\/\/panoramatv.com.do\/?p=10626"},"modified":"2023-11-16T17:59:13","modified_gmt":"2023-11-16T21:59:13","slug":"ministro-de-turismo-inaugura-reconstruccion-de-infraestructuras-viales-en-las-terrenas-samana","status":"publish","type":"post","link":"https:\/\/panoramatv.com.do\/index.php\/2023\/11\/16\/ministro-de-turismo-inaugura-reconstruccion-de-infraestructuras-viales-en-las-terrenas-samana\/","title":{"rendered":"Ministro de Turismo inaugura reconstrucci\u00f3n de infraestructuras viales en Las Terrenas, Saman\u00e1."},"content":{"rendered":"\n<p>Dice obras impactan directamente en el mejoramiento de la oferta tur\u00edstica de Saman\u00e1.<\/p>\n\n\n\n<p><strong>Las Terrenas, Saman\u00e1. \u2013<\/strong>&nbsp;El ministro de Turismo, David Collado, inaugur\u00f3 este mi\u00e9rcoles la reconstrucci\u00f3n de las infraestructuras viales en este municipio, con una inversi\u00f3n superior a los cuarenta y ocho millones de pesos, fortaleciendo as\u00ed, el destino.<\/p>\n\n\n\n<p>El proyecto consiste en la reconstrucci\u00f3n de 6 ejes viales con un total de 2.38 kil\u00f3metros de longitud, con un ancho variable; divididos&nbsp;&nbsp; en cuatro zonas dentro del municipio de Las Terrenas, en el \u00e1rea de Abra Grande, La Playa, El Centro y Pueblo de los Pescadores.<\/p>\n\n\n\n<p>El ministro Collado dijo que esas obras es una ratificaci\u00f3n de su compromiso de seguir impulsando y mejorando el destino tur\u00edstico de Saman\u00e1.<\/p>\n\n\n\n<p>\u00abEstas intervenciones eran un viejo reclamo de los residentes en Las Terrena, pero es tambi\u00e9n un aporte para seguir fortaleciendo este impresionante y paradis\u00edaco destino de Saman\u00e1\u00bb, manifest\u00f3 Collado.<\/p>\n\n\n\n<p>Dentro de los alcances de las obras se encuentran la recuperaci\u00f3n de la estructura vial, colocaci\u00f3n&nbsp;&nbsp;&nbsp; de&nbsp;&nbsp;&nbsp; capa&nbsp;&nbsp;&nbsp; de&nbsp;&nbsp;&nbsp; rodadura asf\u00e1ltica, construcci\u00f3n&nbsp;&nbsp; de&nbsp;&nbsp; 900 metros cuadrados de acera; 1,200 metros lineales de contenes de hormig\u00f3n.<\/p>\n\n\n\n<p>Asimismo, 4,000 metros lineales de cuneta para el correcto recorrido de&nbsp;&nbsp;&nbsp;&nbsp; las aguas; adem\u00e1s, creaci\u00f3n de un sistema de drenaje pluvial y se\u00f1alizaci\u00f3n horizontal y vertical, limpieza de v\u00eda.<\/p>\n\n\n\n<p>La obra fue realizada por el Comit\u00e9 Ejecutor de Infraestructura en Zonas Tur\u00edsticas (CEIZTUR), por un monto total de RD$48,283,610.20<\/p>\n\n\n\n<figure class=\"wp-block-image size-full\"><img decoding=\"async\" src=\"https:\/\/images.panoramatv.com.do\/wp-content\/uploads\/2023\/11\/0-20-1024x683.jpg\" alt=\"\" class=\"wp-image-10627\"\/><\/figure>\n","protected":false},"excerpt":{"rendered":"<p>Dice obras impactan directamente en el mejoramiento de la oferta tur\u00edstica de Saman\u00e1. Las Terrenas, Saman\u00e1. \u2013&nbsp;El ministro de Turismo, David Collado, inaugur\u00f3 este mi\u00e9rcoles la reconstrucci\u00f3n de las infraestructuras viales en este municipio, con una inversi\u00f3n superior a los cuarenta y ocho millones de pesos, fortaleciendo as\u00ed, el destino. El proyecto consiste en la [&hellip;]<\/p>\n","protected":false},"author":1,"featured_media":10627,"comment_status":"open","ping_status":"open","sticky":false,"template":"","format":"standard","meta":{"_jetpack_memberships_contains_paid_content":false,"footnotes":"","jetpack_publicize_message":"","jetpack_publicize_feature_enabled":true,"jetpack_social_post_already_shared":true,"jetpack_social_options":{"image_generator_settings":{"template":"highway","enabled":false}}},"categories":[44],"tags":[1505,877],"class_list":["post-10626","post","type-post","status-publish","format-standard","has-post-thumbnail","hentry","category-panorama-turistico","tag-ministerio-de-turismo","tag-panoramatv"],"jetpack_publicize_connections":[],"jetpack_sharing_enabled":true,"jetpack_featured_media_url":"https:\/\/images.panoramatv.com.do\/wp-content\/uploads\/2023\/11\/0-20-1024x683.jpg","jetpack_likes_enabled":true,"jetpack-related-posts":[],"_links":{"self":[{"href":"https:\/\/panoramatv.com.do\/index.php\/wp-json\/wp\/v2\/posts\/10626"}],"collection":[{"href":"https:\/\/panoramatv.com.do\/index.php\/wp-json\/wp\/v2\/posts"}],"about":[{"href":"https:\/\/panoramatv.com.do\/index.php\/wp-json\/wp\/v2\/types\/post"}],"author":[{"embeddable":true,"href":"https:\/\/panoramatv.com.do\/index.php\/wp-json\/wp\/v2\/users\/1"}],"replies":[{"embeddable":true,"href":"https:\/\/panoramatv.com.do\/index.php\/wp-json\/wp\/v2\/comments?post=10626"}],"version-history":[{"count":0,"href":"https:\/\/panoramatv.com.do\/index.php\/wp-json\/wp\/v2\/posts\/10626\/revisions"}],"wp:featuredmedia":[{"embeddable":true,"href":"https:\/\/panoramatv.com.do\/index.php\/wp-json\/wp\/v2\/media\/10627"}],"wp:attachment":[{"href":"https:\/\/panoramatv.com.do\/index.php\/wp-json\/wp\/v2\/media?parent=10626"}],"wp:term":[{"taxonomy":"category","embeddable":true,"href":"https:\/\/panoramatv.com.do\/index.php\/wp-json\/wp\/v2\/categories?post=10626"},{"taxonomy":"post_tag","embeddable":true,"href":"https:\/\/panoramatv.com.do\/index.php\/wp-json\/wp\/v2\/tags?post=10626"}],"curies":[{"name":"wp","href":"https:\/\/api.w.org\/{rel}","templated":true}]}}