{"id":10596,"date":"2023-11-12T11:48:52","date_gmt":"2023-11-12T15:48:52","guid":{"rendered":"https:\/\/panoramatv.com.do\/?p=10596"},"modified":"2023-11-12T11:49:06","modified_gmt":"2023-11-12T15:49:06","slug":"latinfinance-premia-a-banreservas-como-banco-del-ano-de-rd-y-banco-del-ano-del-caribe","status":"publish","type":"post","link":"https:\/\/panoramatv.com.do\/index.php\/2023\/11\/12\/latinfinance-premia-a-banreservas-como-banco-del-ano-de-rd-y-banco-del-ano-del-caribe\/","title":{"rendered":"LatinFinance premia a Banreservas como Banco del A\u00f1o de RD y Banco del A\u00f1o del Caribe"},"content":{"rendered":"\n<p><em>El administrador general de la entidad bancaria recibe el premio en Miami<\/em><\/p>\n\n\n\n<p>MIAMI. La revista especializada LatinFinance otorg\u00f3 dos reconocimientos al Banco de Reservas: \u201cBanco del A\u00f1o de Rep\u00fablica Dominicana\u201d y \u201cBanco del A\u00f1o del Caribe\u201d, tras analizar factores cualitativos y cuantitativos como los indicadores financieros y la opini\u00f3n de destacados analistas del mercado.<\/p>\n\n\n\n<p>El administrador general de Banreservas, Samuel Pereyra, al recibir los premios en esta ciudad manifest\u00f3 que estas distinciones constituyen un impulso para continuar ofreciendo un servicio extraordinario y creando productos que satisfagan las necesidades de sus clientes, mientras respaldan los sectores productivos y el desarrollo nacional.<\/p>\n\n\n\n<figure class=\"wp-block-image size-large\"><img decoding=\"async\" src=\"https:\/\/images.panoramatv.com.do\/wp-content\/uploads\/2023\/11\/1-16-1024x679.jpg\" alt=\"\" class=\"wp-image-10598\"\/><\/figure>\n\n\n\n<p>Agreg\u00f3 que la entidad se ha mantenido como el principal banco del sistema financiero nacional y regional, gracias al nivel de compromiso de sus colaboradores y a la fidelidad de sus clientes de banca personal, empresarial y corporativa.<\/p>\n\n\n\n<p>Taimur Ahmad, CEO de la revista financiera LatinFinance, felicit\u00f3 a Pereyra y su equipo por este logro y expres\u00f3 que el premio Banco del A\u00f1o posee una tradici\u00f3n de identificar las instituciones del Caribe y Am\u00e9rica Latina que alcancen la excelencia en sus mercados locales o regionales.<\/p>\n\n\n\n<figure class=\"wp-block-image size-large\"><img decoding=\"async\" src=\"https:\/\/images.panoramatv.com.do\/wp-content\/uploads\/2023\/11\/0-17-1024x682.jpg\" alt=\"\" class=\"wp-image-10597\"\/><\/figure>\n","protected":false},"excerpt":{"rendered":"<p>El administrador general de la entidad bancaria recibe el premio en Miami MIAMI. La revista especializada LatinFinance otorg\u00f3 dos reconocimientos al Banco de Reservas: \u201cBanco del A\u00f1o de Rep\u00fablica Dominicana\u201d y \u201cBanco del A\u00f1o del Caribe\u201d, tras analizar factores cualitativos y cuantitativos como los indicadores financieros y la opini\u00f3n de destacados analistas del mercado. El [&hellip;]<\/p>\n","protected":false},"author":1,"featured_media":10598,"comment_status":"open","ping_status":"open","sticky":false,"template":"","format":"standard","meta":{"_jetpack_memberships_contains_paid_content":false,"footnotes":"","jetpack_publicize_message":"","jetpack_publicize_feature_enabled":true,"jetpack_social_post_already_shared":true,"jetpack_social_options":{"image_generator_settings":{"template":"highway","enabled":false}}},"categories":[9],"tags":[103,244,877],"class_list":["post-10596","post","type-post","status-publish","format-standard","has-post-thumbnail","hentry","category-panorama-economico","tag-banreservas","tag-latinfinance","tag-panoramatv"],"jetpack_publicize_connections":[],"jetpack_sharing_enabled":true,"jetpack_featured_media_url":"https:\/\/panoramatv.com.do\/wp-content\/uploads\/2023\/11\/1-16-1386x919.jpg","jetpack_likes_enabled":true,"jetpack-related-posts":[],"_links":{"self":[{"href":"https:\/\/panoramatv.com.do\/index.php\/wp-json\/wp\/v2\/posts\/10596","targetHints":{"allow":["GET"]}}],"collection":[{"href":"https:\/\/panoramatv.com.do\/index.php\/wp-json\/wp\/v2\/posts"}],"about":[{"href":"https:\/\/panoramatv.com.do\/index.php\/wp-json\/wp\/v2\/types\/post"}],"author":[{"embeddable":true,"href":"https:\/\/panoramatv.com.do\/index.php\/wp-json\/wp\/v2\/users\/1"}],"replies":[{"embeddable":true,"href":"https:\/\/panoramatv.com.do\/index.php\/wp-json\/wp\/v2\/comments?post=10596"}],"version-history":[{"count":0,"href":"https:\/\/panoramatv.com.do\/index.php\/wp-json\/wp\/v2\/posts\/10596\/revisions"}],"wp:featuredmedia":[{"embeddable":true,"href":"https:\/\/panoramatv.com.do\/index.php\/wp-json\/wp\/v2\/media\/10598"}],"wp:attachment":[{"href":"https:\/\/panoramatv.com.do\/index.php\/wp-json\/wp\/v2\/media?parent=10596"}],"wp:term":[{"taxonomy":"category","embeddable":true,"href":"https:\/\/panoramatv.com.do\/index.php\/wp-json\/wp\/v2\/categories?post=10596"},{"taxonomy":"post_tag","embeddable":true,"href":"https:\/\/panoramatv.com.do\/index.php\/wp-json\/wp\/v2\/tags?post=10596"}],"curies":[{"name":"wp","href":"https:\/\/api.w.org\/{rel}","templated":true}]}}