{"id":10592,"date":"2023-11-12T11:44:20","date_gmt":"2023-11-12T15:44:20","guid":{"rendered":"https:\/\/panoramatv.com.do\/?p=10592"},"modified":"2023-11-12T11:44:31","modified_gmt":"2023-11-12T15:44:31","slug":"prodominicana-fortalece-relaciones-comerciales-con-el-caribe-para-ampliar-oportunidades-de-negocios","status":"publish","type":"post","link":"https:\/\/panoramatv.com.do\/index.php\/2023\/11\/12\/prodominicana-fortalece-relaciones-comerciales-con-el-caribe-para-ampliar-oportunidades-de-negocios\/","title":{"rendered":"ProDominicana fortalece relaciones comerciales con el Caribe para ampliar oportunidades de negocios"},"content":{"rendered":"\n<p>Santo Domingo. Con el objetivo de continuar fomentando el desarrollo sostenible y atractivo con los pa\u00edses del Caribe para ampliar las oportunidades de negocios, el Centro de Exportaci\u00f3n e Inversi\u00f3n de la Rep\u00fablica Dominicana (ProDominicana), contin\u00faa fortaleciendo lazos de apoyo que permitan incrementar el intercambio comercial con los pa\u00edses de la regi\u00f3n.<\/p>\n\n\n\n<p><br>En ese sentido, la directora ejecutiva de ProDominicana, Biviana Riveiro Disla, expres\u00f3 que, desde diversas entidades del Estado, incluyendo ProDominicana se han extendido diversos esfuerzos para incrementar la participaci\u00f3n comercial de Rep\u00fablica Dominicana y otros pa\u00edses del Caribe como ha sido el caso de Guyana.<\/p>\n\n\n\n<p><br>\u201cEstamos desplegando acciones concretas para incrementar los negocios con los pa\u00edses de la regi\u00f3n caribe\u00f1a y mejorar las condiciones de acceso de los productos dominicanos a esta regi\u00f3n, habilitando diferente instrumentos\u201d, puntualiz\u00f3.<\/p>\n\n\n\n<p><br>Riveiro indic\u00f3 que Rep\u00fablica Dominicana sigue gestionando la mejora de la conectividad para acelerar el flujo comercial, en lo referente al transporte para apoyar el progreso acelerado hacia los objetivos del desarrollo sostenible de la regi\u00f3n del Caribe.<\/p>\n\n\n\n<p><br>Se destaca que el intercambio comercial entre Rep\u00fablica Dominicana y el Caribe entre el 2020 y 2022 ascendi\u00f3 de US$1,979 a US$2,562.1, totalizando los US$6,783.6 millones al cierre del 2022. Adem\u00e1s, el crecimiento de las exportaciones en 2022 fue de un 14.1% con relaci\u00f3n al 2021 gracias a los esfuerzos interinstitucionales indicados con medidas de pol\u00edticas en el Plan Nacional de Fomento a las Exportaciones 2020-2030, lanzado por el presidente Luis Abinader.<\/p>\n\n\n\n<p><br>Cabe destacar que Rep\u00fablica Dominicana ha exportado a m\u00e1s de 20 mercados caribe\u00f1os en los \u00faltimos tres a\u00f1os, siendo el monto total exportado entre el 2020-2022 de US$5,523.3 millones.<\/p>\n\n\n<div class=\"wp-block-image\">\n<figure class=\"aligncenter size-large\"><img decoding=\"async\" src=\"https:\/\/images.panoramatv.com.do\/wp-content\/uploads\/2023\/11\/fe004928-4ee9-4b1b-a29c-ac4bb1547e0b-1024x682.jpg\" alt=\"\" class=\"wp-image-10593\"\/><\/figure>\n<\/div>","protected":false},"excerpt":{"rendered":"<p>Santo Domingo. Con el objetivo de continuar fomentando el desarrollo sostenible y atractivo con los pa\u00edses del Caribe para ampliar las oportunidades de negocios, el Centro de Exportaci\u00f3n e Inversi\u00f3n de la Rep\u00fablica Dominicana (ProDominicana), contin\u00faa fortaleciendo lazos de apoyo que permitan incrementar el intercambio comercial con los pa\u00edses de la regi\u00f3n. En ese sentido, [&hellip;]<\/p>\n","protected":false},"author":1,"featured_media":10593,"comment_status":"open","ping_status":"open","sticky":false,"template":"","format":"standard","meta":{"_jetpack_memberships_contains_paid_content":false,"footnotes":"","jetpack_publicize_message":"","jetpack_publicize_feature_enabled":true,"jetpack_social_post_already_shared":true,"jetpack_social_options":{"image_generator_settings":{"template":"highway","enabled":false}}},"categories":[9],"tags":[877,388],"class_list":["post-10592","post","type-post","status-publish","format-standard","has-post-thumbnail","hentry","category-panorama-economico","tag-panoramatv","tag-prodominicana"],"jetpack_publicize_connections":[],"jetpack_sharing_enabled":true,"jetpack_featured_media_url":"https:\/\/panoramatv.com.do\/wp-content\/uploads\/2023\/11\/fe004928-4ee9-4b1b-a29c-ac4bb1547e0b-1600x1066.jpg","jetpack_likes_enabled":true,"jetpack-related-posts":[],"_links":{"self":[{"href":"https:\/\/panoramatv.com.do\/index.php\/wp-json\/wp\/v2\/posts\/10592","targetHints":{"allow":["GET"]}}],"collection":[{"href":"https:\/\/panoramatv.com.do\/index.php\/wp-json\/wp\/v2\/posts"}],"about":[{"href":"https:\/\/panoramatv.com.do\/index.php\/wp-json\/wp\/v2\/types\/post"}],"author":[{"embeddable":true,"href":"https:\/\/panoramatv.com.do\/index.php\/wp-json\/wp\/v2\/users\/1"}],"replies":[{"embeddable":true,"href":"https:\/\/panoramatv.com.do\/index.php\/wp-json\/wp\/v2\/comments?post=10592"}],"version-history":[{"count":0,"href":"https:\/\/panoramatv.com.do\/index.php\/wp-json\/wp\/v2\/posts\/10592\/revisions"}],"wp:featuredmedia":[{"embeddable":true,"href":"https:\/\/panoramatv.com.do\/index.php\/wp-json\/wp\/v2\/media\/10593"}],"wp:attachment":[{"href":"https:\/\/panoramatv.com.do\/index.php\/wp-json\/wp\/v2\/media?parent=10592"}],"wp:term":[{"taxonomy":"category","embeddable":true,"href":"https:\/\/panoramatv.com.do\/index.php\/wp-json\/wp\/v2\/categories?post=10592"},{"taxonomy":"post_tag","embeddable":true,"href":"https:\/\/panoramatv.com.do\/index.php\/wp-json\/wp\/v2\/tags?post=10592"}],"curies":[{"name":"wp","href":"https:\/\/api.w.org\/{rel}","templated":true}]}}