{"id":10493,"date":"2023-11-08T20:53:10","date_gmt":"2023-11-09T00:53:10","guid":{"rendered":"https:\/\/panoramatv.com.do\/?p=10493"},"modified":"2023-11-08T20:53:28","modified_gmt":"2023-11-09T00:53:28","slug":"juan-butten-expone-fase-uno-en-busca-de-concientizar-sobre-la-contaminacion-oceanica","status":"publish","type":"post","link":"https:\/\/panoramatv.com.do\/index.php\/2023\/11\/08\/juan-butten-expone-fase-uno-en-busca-de-concientizar-sobre-la-contaminacion-oceanica\/","title":{"rendered":"Juan Butten Expone \u00abFASE UNO\u00bb en busca de concientizar Sobre la Contaminaci\u00f3n Oce\u00e1nica"},"content":{"rendered":"\n<p><em>\u201cCada muestra invita a reflexionar sobre la crisis del pl\u00e1stico en nuestra isla y su impacto futuro ante la preocupaci\u00f3n de la preservaci\u00f3n del oc\u00e9ano\u201d<\/em><\/p>\n\n\n\n<p>El artista pl\u00e1stico Juan Butten dej\u00f3 inaugurada la exposici\u00f3n titulada \u201cFASE UNO\u201d, quien regresa despu\u00e9s de quince a\u00f1os de ausencia con una muestra que no solo cautivar\u00e1 a los amantes del arte, sino que tambi\u00e9n llama la atenci\u00f3n sobre el urgente tema de la contaminaci\u00f3n en nuestros oc\u00e9anos.<\/p>\n\n\n\n<p>Las obras de arte, que se lleva a cabo en el Centro Cultural de Espa\u00f1a de Santo Domingo, presentan una destacada caracter\u00edstica: la gran mayor\u00eda han sido creadas con materiales reciclados recolectados en nuestras propias playas. La muestra invita al p\u00fablico a reflexionar sobre la gravedad de la contaminaci\u00f3n en los oc\u00e9anos de la isla y la importancia de la conservaci\u00f3n marina.<\/p>\n\n\n\n<p>En la actualidad, el impacto de la contaminaci\u00f3n es tan preocupante que se prev\u00e9 que la cantidad de desechos pl\u00e1sticos que flotan a la deriva podr\u00eda superar incluso el n\u00famero de peces para el a\u00f1o 2050. En los \u00faltimos a\u00f1os, se han detectado numerosas &#8216;islas&#8217; de basura en alta mar, principalmente en el Oc\u00e9ano Pac\u00edfico, y miles de animales han sido encontrados muertos en las costas debido a la ingesti\u00f3n de desperdicios.<\/p>\n\n\n\n<figure class=\"wp-block-gallery has-nested-images columns-default is-cropped wp-block-gallery-1 is-layout-flex wp-block-gallery-is-layout-flex\">\n<figure class=\"wp-block-image size-large\"><img decoding=\"async\" data-id=\"10495\" src=\"https:\/\/images.panoramatv.com.do\/wp-content\/uploads\/2023\/11\/2-2-1024x683.jpg\" alt=\"\" class=\"wp-image-10495\"\/><\/figure>\n<\/figure>\n\n\n\n<p>Butten utiliza los materiales recolectados, que da\u00f1an nuestro ecosistema, para representar una parte de nuestro folclore y, al mismo tiempo, rescatar fragmentos de nuestra historia. Sus obras destacan la relatividad del efecto del tiempo sobre las cosas, enfatizando que, a pesar de su paso, estas solo alteran su belleza, pero no la pierden. La recreaci\u00f3n de estos escenarios busca plasmar la belleza que surge del cambio.<\/p>\n\n\n\n<p>Adem\u00e1s, la implementaci\u00f3n de materiales reciclados nos recuerda la responsabilidad social que tenemos con el medio ambiente y evoca un sentimiento de nostalgia, record\u00e1ndonos que no todo tiene fecha de caducidad y que no todo debe ser borrado. Subraya que todas las etapas son bellas y necesarias, un principio que se puede aplicar tanto en el caso de las estructuras como en el de las cosas y las personas.<\/p>\n\n\n\n<p>La exposici\u00f3n que cuenta de m\u00e1s de 20 obras tambi\u00e9n resalta el paralelismo entre lo que el \u00f3xido representa para el zinc y las arrugas para una persona. Aunque algunos procedimientos est\u00e9ticos intenten borrarlas, las arrugas nos recuerdan que hemos vivido y que la historia es una parte intr\u00ednseca de nuestra esencia.<\/p>\n\n\n\n<figure class=\"wp-block-gallery has-nested-images columns-default is-cropped wp-block-gallery-2 is-layout-flex wp-block-gallery-is-layout-flex\">\n<figure class=\"wp-block-image size-large\"><img decoding=\"async\" data-id=\"10494\" src=\"https:\/\/images.panoramatv.com.do\/wp-content\/uploads\/2023\/11\/4-1024x683.jpg\" alt=\"\" class=\"wp-image-10494\"\/><\/figure>\n\n\n\n<figure class=\"wp-block-image size-large\"><img decoding=\"async\" data-id=\"10496\" src=\"https:\/\/images.panoramatv.com.do\/wp-content\/uploads\/2023\/11\/unnamed-1-1024x683.jpg\" alt=\"\" class=\"wp-image-10496\"\/><\/figure>\n<\/figure>\n","protected":false},"excerpt":{"rendered":"<p>\u201cCada muestra invita a reflexionar sobre la crisis del pl\u00e1stico en nuestra isla y su impacto futuro ante la preocupaci\u00f3n de la preservaci\u00f3n del oc\u00e9ano\u201d El artista pl\u00e1stico Juan Butten dej\u00f3 inaugurada la exposici\u00f3n titulada \u201cFASE UNO\u201d, quien regresa despu\u00e9s de quince a\u00f1os de ausencia con una muestra que no solo cautivar\u00e1 a los amantes [&hellip;]<\/p>\n","protected":false},"author":1,"featured_media":10495,"comment_status":"open","ping_status":"open","sticky":false,"template":"","format":"standard","meta":{"_jetpack_memberships_contains_paid_content":false,"footnotes":"","jetpack_publicize_message":"","jetpack_publicize_feature_enabled":true,"jetpack_social_post_already_shared":true,"jetpack_social_options":{"image_generator_settings":{"template":"highway","enabled":false}}},"categories":[10],"tags":[2078,2079],"class_list":["post-10493","post","type-post","status-publish","format-standard","has-post-thumbnail","hentry","category-panorama-social","tag-fase-uno","tag-juan-butten"],"jetpack_publicize_connections":[],"jetpack_sharing_enabled":true,"jetpack_featured_media_url":"https:\/\/panoramatv.com.do\/wp-content\/uploads\/2023\/11\/2-2-2500x1667.jpg","jetpack_likes_enabled":true,"jetpack-related-posts":[],"_links":{"self":[{"href":"https:\/\/panoramatv.com.do\/index.php\/wp-json\/wp\/v2\/posts\/10493","targetHints":{"allow":["GET"]}}],"collection":[{"href":"https:\/\/panoramatv.com.do\/index.php\/wp-json\/wp\/v2\/posts"}],"about":[{"href":"https:\/\/panoramatv.com.do\/index.php\/wp-json\/wp\/v2\/types\/post"}],"author":[{"embeddable":true,"href":"https:\/\/panoramatv.com.do\/index.php\/wp-json\/wp\/v2\/users\/1"}],"replies":[{"embeddable":true,"href":"https:\/\/panoramatv.com.do\/index.php\/wp-json\/wp\/v2\/comments?post=10493"}],"version-history":[{"count":0,"href":"https:\/\/panoramatv.com.do\/index.php\/wp-json\/wp\/v2\/posts\/10493\/revisions"}],"wp:featuredmedia":[{"embeddable":true,"href":"https:\/\/panoramatv.com.do\/index.php\/wp-json\/wp\/v2\/media\/10495"}],"wp:attachment":[{"href":"https:\/\/panoramatv.com.do\/index.php\/wp-json\/wp\/v2\/media?parent=10493"}],"wp:term":[{"taxonomy":"category","embeddable":true,"href":"https:\/\/panoramatv.com.do\/index.php\/wp-json\/wp\/v2\/categories?post=10493"},{"taxonomy":"post_tag","embeddable":true,"href":"https:\/\/panoramatv.com.do\/index.php\/wp-json\/wp\/v2\/tags?post=10493"}],"curies":[{"name":"wp","href":"https:\/\/api.w.org\/{rel}","templated":true}]}}