{"id":10489,"date":"2023-11-08T20:49:35","date_gmt":"2023-11-09T00:49:35","guid":{"rendered":"https:\/\/panoramatv.com.do\/?p=10489"},"modified":"2023-11-08T20:49:51","modified_gmt":"2023-11-09T00:49:51","slug":"intrant-garantiza-funcionamiento-sistema-semaforos-de-santo-domingo","status":"publish","type":"post","link":"https:\/\/panoramatv.com.do\/index.php\/2023\/11\/08\/intrant-garantiza-funcionamiento-sistema-semaforos-de-santo-domingo\/","title":{"rendered":"Intrant garantiza funcionamiento sistema sem\u00e1foros de Santo Domingo"},"content":{"rendered":"\n<p><strong>Santo Domingo, noviembre del 2024.-\u00a0<\/strong>El Instituto Nacional de Tr\u00e1nsito y Transporte Terrestre (INTRANT), inform\u00f3 este mi\u00e9rcoles a los ciudadanos que est\u00e1 garantizado el correcto funcionamiento del sistema de sem\u00e1foros de Santo Domingo.<\/p>\n\n\n\n<p>A trav\u00e9s de un comunicado, la instituci\u00f3n manifest\u00f3 que \u201ccomo \u00f3rgano responsable de la gesti\u00f3n y regulaci\u00f3n del tr\u00e1nsito y del transporte terrestre, aseguramos que las operaciones cotidianas de la red semaf\u00f3rica continuar\u00e1n como de costumbre en las calles y avenidas de la ciudad, a trav\u00e9s del Centro de Gesti\u00f3n y Control\u201d.<\/p>\n\n\n\n<p>Asimismo, el comunicado expresa que la Ley 63-17 de movilidad, transporte terrestre, tr\u00e1nsito y seguridad vial de la Rep\u00fablica Dominicana, le confiere al Intrant la atribuci\u00f3n de supervisar la correcta se\u00f1alizaci\u00f3n horizontal y vertical, as\u00ed como la adecuada colocaci\u00f3n de los dispositivos de control de tr\u00e1fico en la red de comunicaci\u00f3n vial, colocadas acordes con las especificaciones de los manuales nacionales e internacionales.<\/p>\n\n\n\n<figure class=\"wp-block-image size-large\"><img decoding=\"async\" src=\"https:\/\/images.panoramatv.com.do\/wp-content\/uploads\/2023\/11\/0-11-1024x683.jpg\" alt=\"\" class=\"wp-image-10490\"\/><\/figure>\n","protected":false},"excerpt":{"rendered":"<p>Santo Domingo, noviembre del 2024.-\u00a0El Instituto Nacional de Tr\u00e1nsito y Transporte Terrestre (INTRANT), inform\u00f3 este mi\u00e9rcoles a los ciudadanos que est\u00e1 garantizado el correcto funcionamiento del sistema de sem\u00e1foros de Santo Domingo. A trav\u00e9s de un comunicado, la instituci\u00f3n manifest\u00f3 que \u201ccomo \u00f3rgano responsable de la gesti\u00f3n y regulaci\u00f3n del tr\u00e1nsito y del transporte terrestre, [&hellip;]<\/p>\n","protected":false},"author":1,"featured_media":10490,"comment_status":"open","ping_status":"open","sticky":false,"template":"","format":"standard","meta":{"_jetpack_memberships_contains_paid_content":false,"footnotes":"","jetpack_publicize_message":"","jetpack_publicize_feature_enabled":true,"jetpack_social_post_already_shared":true,"jetpack_social_options":{"image_generator_settings":{"template":"highway","enabled":false}}},"categories":[1],"tags":[92,877,2076],"class_list":["post-10489","post","type-post","status-publish","format-standard","has-post-thumbnail","hentry","category-actualidad","tag-intrant","tag-panoramatv","tag-semaforos"],"jetpack_publicize_connections":[],"jetpack_sharing_enabled":true,"jetpack_featured_media_url":"https:\/\/panoramatv.com.do\/wp-content\/uploads\/2023\/11\/0-11-1378x919.jpg","jetpack_likes_enabled":true,"jetpack-related-posts":[],"_links":{"self":[{"href":"https:\/\/panoramatv.com.do\/index.php\/wp-json\/wp\/v2\/posts\/10489","targetHints":{"allow":["GET"]}}],"collection":[{"href":"https:\/\/panoramatv.com.do\/index.php\/wp-json\/wp\/v2\/posts"}],"about":[{"href":"https:\/\/panoramatv.com.do\/index.php\/wp-json\/wp\/v2\/types\/post"}],"author":[{"embeddable":true,"href":"https:\/\/panoramatv.com.do\/index.php\/wp-json\/wp\/v2\/users\/1"}],"replies":[{"embeddable":true,"href":"https:\/\/panoramatv.com.do\/index.php\/wp-json\/wp\/v2\/comments?post=10489"}],"version-history":[{"count":0,"href":"https:\/\/panoramatv.com.do\/index.php\/wp-json\/wp\/v2\/posts\/10489\/revisions"}],"wp:featuredmedia":[{"embeddable":true,"href":"https:\/\/panoramatv.com.do\/index.php\/wp-json\/wp\/v2\/media\/10490"}],"wp:attachment":[{"href":"https:\/\/panoramatv.com.do\/index.php\/wp-json\/wp\/v2\/media?parent=10489"}],"wp:term":[{"taxonomy":"category","embeddable":true,"href":"https:\/\/panoramatv.com.do\/index.php\/wp-json\/wp\/v2\/categories?post=10489"},{"taxonomy":"post_tag","embeddable":true,"href":"https:\/\/panoramatv.com.do\/index.php\/wp-json\/wp\/v2\/tags?post=10489"}],"curies":[{"name":"wp","href":"https:\/\/api.w.org\/{rel}","templated":true}]}}