{"id":10416,"date":"2023-11-01T18:17:31","date_gmt":"2023-11-01T22:17:31","guid":{"rendered":"https:\/\/panoramatv.com.do\/?p=10416"},"modified":"2023-11-01T18:17:43","modified_gmt":"2023-11-01T22:17:43","slug":"arquitecta-yermys-pena-promueve-creacion-de-guia-para-la-construccion-sostenible-en-rd","status":"publish","type":"post","link":"https:\/\/panoramatv.com.do\/index.php\/2023\/11\/01\/arquitecta-yermys-pena-promueve-creacion-de-guia-para-la-construccion-sostenible-en-rd\/","title":{"rendered":"Arquitecta Yermys Pe\u00f1a promueve creaci\u00f3n de Gu\u00eda para la Construcci\u00f3n Sostenible en RD"},"content":{"rendered":"\n<p><strong>SANTO DOMINGO.-&nbsp;<\/strong>En el marco de la Octava Mesa Nacional de la Vivienda, se inform\u00f3 sobre el trabajo arduo de la arquitecta Yermys Pe\u00f1a para la creaci\u00f3n de una Gu\u00eda de Construcci\u00f3n Sostenible en la Rep\u00fablica Dominicana.<\/p>\n\n\n\n<p>Como pionera en el desarrollo sostenible, esta iniciativa de la joven profesional est\u00e1 orientada a la promoci\u00f3n de una pr\u00e1ctica sostenible que contribuya con un cambio positivo de la forma de construcci\u00f3n local.<\/p>\n\n\n\n<p>Durante la ceremonia de apertura de la&nbsp;Octava Mesa Nacional de la Vivienda, encabezada por el presidente Luis Abinader en el hotel JW Marriot, se destac\u00f3 el tema presentado por la arquitecta Pe\u00f1a.<\/p>\n\n\n\n<p>El evento que congreg\u00f3 a decenas de profesionales del \u00e1rea tuvo como finalidad el an\u00e1lisis y actualizaci\u00f3n de los avances en el sector construcci\u00f3n en la Rep\u00fablica Dominicana.&nbsp;<\/p>\n\n\n\n<p>En ese escenario, la arquitecta Yermys Pe\u00f1a present\u00f3 el estudio que enfatiza la importancia de la Gu\u00eda para la Construcci\u00f3n Sostenible, cuya misi\u00f3n esencial es la debida orientaci\u00f3n al sector en la promoci\u00f3n de medidas respetuosas con el entorno.<\/p>\n\n\n\n<p>Dijo que a trav\u00e9s de la Gu\u00eda se establecer\u00edan normativas para mejorar el h\u00e1bitat en el pa\u00eds, \u201caportando gran avance no solo para los que nos dedicamos al trabajo en el desarrollo habitacional, sino tambi\u00e9n para hacer una mejor comunidad\u201d.<\/p>\n\n\n\n<p>La participaci\u00f3n de la arquitecta Pe\u00f1a en el panel sobre Sostenibilidad fue ampliamente ponderada, resaltando su experiencia y conocimiento en la materia.<\/p>\n\n\n\n<p>Tambi\u00e9n se resalta su visi\u00f3n innovadora as\u00ed como su compromiso con la construcci\u00f3n sostenible en el pa\u00eds, donde ha sido pionera en el sector, brindando esperanza para un futuro m\u00e1s verde y responsable.<\/p>\n\n\n\n<p>La Octava Mesa Nacional de la Vivienda fue organizada por la Asociaci\u00f3n Dominicana de Constructores y Promotores de Viviendas (ACROPOVI) y se le considera como uno de los eventos m\u00e1s importantes del sector.<\/p>\n\n\n\n<p>La arquitecta Yermys Pe\u00f1a es una destacada profesional de la construcci\u00f3n, experta en dise\u00f1o sostenible, arquitectura bioclim\u00e1tica y planeaci\u00f3n urbana.<\/p>\n\n\n\n<figure class=\"wp-block-gallery has-nested-images columns-default is-cropped wp-block-gallery-1 is-layout-flex wp-block-gallery-is-layout-flex\">\n<figure class=\"wp-block-image size-large\"><img decoding=\"async\" data-id=\"10417\" src=\"https:\/\/images.panoramatv.com.do\/wp-content\/uploads\/2023\/11\/2-819x1024.jpg\" alt=\"\" class=\"wp-image-10417\"\/><\/figure>\n\n\n\n<figure class=\"wp-block-image size-large\"><img decoding=\"async\" data-id=\"10418\" src=\"https:\/\/images.panoramatv.com.do\/wp-content\/uploads\/2023\/11\/unnamed-683x1024.jpg\" alt=\"\" class=\"wp-image-10418\"\/><\/figure>\n<\/figure>\n","protected":false},"excerpt":{"rendered":"<p>SANTO DOMINGO.-&nbsp;En el marco de la Octava Mesa Nacional de la Vivienda, se inform\u00f3 sobre el trabajo arduo de la arquitecta Yermys Pe\u00f1a para la creaci\u00f3n de una Gu\u00eda de Construcci\u00f3n Sostenible en la Rep\u00fablica Dominicana. Como pionera en el desarrollo sostenible, esta iniciativa de la joven profesional est\u00e1 orientada a la promoci\u00f3n de una [&hellip;]<\/p>\n","protected":false},"author":1,"featured_media":10419,"comment_status":"open","ping_status":"open","sticky":false,"template":"","format":"standard","meta":{"_jetpack_memberships_contains_paid_content":false,"footnotes":"","jetpack_publicize_message":"","jetpack_publicize_feature_enabled":true,"jetpack_social_post_already_shared":true,"jetpack_social_options":{"image_generator_settings":{"template":"highway","enabled":false}}},"categories":[10],"tags":[2059,2060,877],"class_list":["post-10416","post","type-post","status-publish","format-standard","has-post-thumbnail","hentry","category-panorama-social","tag-arquitecta-yermys-pena","tag-construccion-sostenible","tag-panoramatv"],"jetpack_publicize_connections":[],"jetpack_sharing_enabled":true,"jetpack_featured_media_url":"https:\/\/panoramatv.com.do\/wp-content\/uploads\/2023\/11\/Screenshot_1-1-1054x636.jpg","jetpack_likes_enabled":true,"jetpack-related-posts":[],"_links":{"self":[{"href":"https:\/\/panoramatv.com.do\/index.php\/wp-json\/wp\/v2\/posts\/10416","targetHints":{"allow":["GET"]}}],"collection":[{"href":"https:\/\/panoramatv.com.do\/index.php\/wp-json\/wp\/v2\/posts"}],"about":[{"href":"https:\/\/panoramatv.com.do\/index.php\/wp-json\/wp\/v2\/types\/post"}],"author":[{"embeddable":true,"href":"https:\/\/panoramatv.com.do\/index.php\/wp-json\/wp\/v2\/users\/1"}],"replies":[{"embeddable":true,"href":"https:\/\/panoramatv.com.do\/index.php\/wp-json\/wp\/v2\/comments?post=10416"}],"version-history":[{"count":0,"href":"https:\/\/panoramatv.com.do\/index.php\/wp-json\/wp\/v2\/posts\/10416\/revisions"}],"wp:featuredmedia":[{"embeddable":true,"href":"https:\/\/panoramatv.com.do\/index.php\/wp-json\/wp\/v2\/media\/10419"}],"wp:attachment":[{"href":"https:\/\/panoramatv.com.do\/index.php\/wp-json\/wp\/v2\/media?parent=10416"}],"wp:term":[{"taxonomy":"category","embeddable":true,"href":"https:\/\/panoramatv.com.do\/index.php\/wp-json\/wp\/v2\/categories?post=10416"},{"taxonomy":"post_tag","embeddable":true,"href":"https:\/\/panoramatv.com.do\/index.php\/wp-json\/wp\/v2\/tags?post=10416"}],"curies":[{"name":"wp","href":"https:\/\/api.w.org\/{rel}","templated":true}]}}