{"id":10304,"date":"2023-10-27T09:21:49","date_gmt":"2023-10-27T13:21:49","guid":{"rendered":"https:\/\/panoramatv.com.do\/?p=10304"},"modified":"2023-10-27T09:22:06","modified_gmt":"2023-10-27T13:22:06","slug":"poder-ejecutivo-confirma-a-duarte-mendez-como-director-ejecutivo-de-la-unidad-titulacion-de-terrenos","status":"publish","type":"post","link":"https:\/\/panoramatv.com.do\/index.php\/2023\/10\/27\/poder-ejecutivo-confirma-a-duarte-mendez-como-director-ejecutivo-de-la-unidad-titulacion-de-terrenos\/","title":{"rendered":"Poder Ejecutivo confirma a Duarte M\u00e9ndez como director ejecutivo de la Unidad Titulaci\u00f3n de Terrenos"},"content":{"rendered":"\n<p>SANTO DOMINGO, R.D.-El presidente de la Rep\u00fablica, Luis Abinader, confirm\u00f3 mediante el decreto 415-23 a Duarte M\u00e9ndez Pe\u00f1a, como director ejecutivo de la Unidad T\u00e9cnica Ejecutora de Titulaci\u00f3n de Terrenos del Estado (UTECT).<\/p>\n\n\n\n<p>M\u00e9ndez Pe\u00f1a, se desempe\u00f1aba como director interino de la UTECT, cargo que ocup\u00f3 durante 6 meses al ser designado el 13 abril de 2023 por el mandatario mediante el decreto 159-23.<\/p>\n\n\n\n<p>Previo a su designaci\u00f3n como director interino Duarte M\u00e9ndez Pe\u00f1a, desempe\u00f1\u00f3 la funci\u00f3n de subdirector de la instituci\u00f3n para la regi\u00f3n Sur.<\/p>\n\n\n\n<p>El funcionario agradeci\u00f3 a Dios y al presidente Abinader, por la confianza depositada en su persona, y se comprometi\u00f3 a seguir trabajando para que cada dominicano que por a\u00f1os ha ocupado una porci\u00f3n de terrenos del Estado, pueda contar con su t\u00edtulo de propiedad.<\/p>\n\n\n\n<figure class=\"wp-block-image size-large\"><img decoding=\"async\" src=\"https:\/\/images.panoramatv.com.do\/wp-content\/uploads\/2023\/10\/55fa9cbe-d296-4664-b5fe-5a5098b652ca-1024x684.jpg\" alt=\"\" class=\"wp-image-10305\"\/><\/figure>\n","protected":false},"excerpt":{"rendered":"<p>SANTO DOMINGO, R.D.-El presidente de la Rep\u00fablica, Luis Abinader, confirm\u00f3 mediante el decreto 415-23 a Duarte M\u00e9ndez Pe\u00f1a, como director ejecutivo de la Unidad T\u00e9cnica Ejecutora de Titulaci\u00f3n de Terrenos del Estado (UTECT). M\u00e9ndez Pe\u00f1a, se desempe\u00f1aba como director interino de la UTECT, cargo que ocup\u00f3 durante 6 meses al ser designado el 13 abril [&hellip;]<\/p>\n","protected":false},"author":1,"featured_media":10305,"comment_status":"open","ping_status":"open","sticky":false,"template":"","format":"standard","meta":{"_jetpack_memberships_contains_paid_content":false,"footnotes":"","jetpack_publicize_message":"","jetpack_publicize_feature_enabled":true,"jetpack_social_post_already_shared":true,"jetpack_social_options":{"image_generator_settings":{"template":"highway","enabled":false}}},"categories":[1],"tags":[2049],"class_list":["post-10304","post","type-post","status-publish","format-standard","has-post-thumbnail","hentry","category-actualidad","tag-unidad-titulacion-de-terrenos"],"jetpack_publicize_connections":[],"jetpack_sharing_enabled":true,"jetpack_featured_media_url":"https:\/\/images.panoramatv.com.do\/wp-content\/uploads\/2023\/10\/55fa9cbe-d296-4664-b5fe-5a5098b652ca-1600x1068.jpg","jetpack_likes_enabled":true,"jetpack-related-posts":[],"_links":{"self":[{"href":"https:\/\/panoramatv.com.do\/index.php\/wp-json\/wp\/v2\/posts\/10304"}],"collection":[{"href":"https:\/\/panoramatv.com.do\/index.php\/wp-json\/wp\/v2\/posts"}],"about":[{"href":"https:\/\/panoramatv.com.do\/index.php\/wp-json\/wp\/v2\/types\/post"}],"author":[{"embeddable":true,"href":"https:\/\/panoramatv.com.do\/index.php\/wp-json\/wp\/v2\/users\/1"}],"replies":[{"embeddable":true,"href":"https:\/\/panoramatv.com.do\/index.php\/wp-json\/wp\/v2\/comments?post=10304"}],"version-history":[{"count":0,"href":"https:\/\/panoramatv.com.do\/index.php\/wp-json\/wp\/v2\/posts\/10304\/revisions"}],"wp:featuredmedia":[{"embeddable":true,"href":"https:\/\/panoramatv.com.do\/index.php\/wp-json\/wp\/v2\/media\/10305"}],"wp:attachment":[{"href":"https:\/\/panoramatv.com.do\/index.php\/wp-json\/wp\/v2\/media?parent=10304"}],"wp:term":[{"taxonomy":"category","embeddable":true,"href":"https:\/\/panoramatv.com.do\/index.php\/wp-json\/wp\/v2\/categories?post=10304"},{"taxonomy":"post_tag","embeddable":true,"href":"https:\/\/panoramatv.com.do\/index.php\/wp-json\/wp\/v2\/tags?post=10304"}],"curies":[{"name":"wp","href":"https:\/\/api.w.org\/{rel}","templated":true}]}}