{"id":10114,"date":"2023-10-17T19:43:57","date_gmt":"2023-10-17T23:43:57","guid":{"rendered":"https:\/\/panoramatv.com.do\/?p=10114"},"modified":"2023-10-17T19:44:11","modified_gmt":"2023-10-17T23:44:11","slug":"presidente-abinader-carolina-mejia-y-el-banco-popular-inauguran-parque-velazcasas","status":"publish","type":"post","link":"https:\/\/panoramatv.com.do\/index.php\/2023\/10\/17\/presidente-abinader-carolina-mejia-y-el-banco-popular-inauguran-parque-velazcasas\/","title":{"rendered":"Presidente Abinader, Carolina Mej\u00eda y el Banco Popular inauguran parque Velazcasas"},"content":{"rendered":"\n<p>El parque beneficiar\u00e1 a m\u00e1s de 20 mil residentes; cuenta con un sistema de c\u00e1maras monitoreadas por el 911<\/p>\n\n\n\n<p>Santo Domingo D.N.- En un acto encabezado por el presidente de la Rep\u00fablica, Luis Abinader, la Alcald\u00eda del Distrito Nacional (ADN) y el Banco Popular Dominicano inauguraron el remozamiento del parque Velazcasas en la autopista 30 de mayo, un proyecto que beneficiar\u00e1 a m\u00e1s de 20,000 mil residentes del entorno del parque, cuya restauraci\u00f3n fue realizada con una inversi\u00f3n de RD$25 millones.<\/p>\n\n\n\n<p>La entrega de los trabajos de este parque fortalece con hechos el compromiso de la Alcald\u00eda y el Gobierno con la comunidad, promoviendo un ambiente saludable y seguro en el Distrito Nacional, al mismo tiempo remarcan la importancia de las alianzas p\u00fablico-privadas como un veh\u00edculo efectivo para el desarrollo sostenible de la Rep\u00fablica Dominicana.<\/p>\n\n\n\n<p>La alcaldesa Carolina Mej\u00eda agradeci\u00f3 a los ejecutivos del Banco Popular por apoyar estos proyectos que benefician a la comunidad y record\u00f3 que la iniciativa \u00abParque para Todos\u00bb naci\u00f3 durante una reuni\u00f3n con Christopher Paniagua, presidente ejecutivo del Banco Popular.<\/p>\n\n\n\n<p>Mej\u00eda destac\u00f3, que este parque que es el n\u00famero 155 entregado durante estos tres a\u00f1os de gesti\u00f3n, no s\u00f3lo es un lugar de recreaci\u00f3n sana, sino tambi\u00e9n un s\u00edmbolo de dedicaci\u00f3n para mejorar la calidad de vida de todos los habitantes de la ciudad.<\/p>\n\n\n\n<p>\u00abEste parque Velazcasas es m\u00e1s que un espacio verde; es un testimonio de lo que podemos lograr cuando trabajamos juntos. Y en ese esfuerzo colectivo quiero reconocer al gobierno central en la persona del presidente Abinader porque trabajamos de la mano siempre para que estas obras para la ciudad sean una realidad y de igual manera a las instituciones que aqu\u00ed han colaborado\u00bb, puntualiz\u00f3 la alcaldesa.<\/p>\n\n\n\n<p>Mientras que Christopher Paniagua, presidente ejecutivo del Banco Popular indic\u00f3 que el prop\u00f3sito corporativo de la entidad bancaria es promover el crecimiento de las personas, las empresas, las comunidades y el pa\u00eds en un entorno sostenible.<\/p>\n\n\n\n<figure class=\"wp-block-gallery has-nested-images columns-default is-cropped wp-block-gallery-1 is-layout-flex wp-block-gallery-is-layout-flex\">\n<figure class=\"wp-block-image size-large\"><img decoding=\"async\" data-id=\"10115\" src=\"https:\/\/images.panoramatv.com.do\/wp-content\/uploads\/2023\/10\/1-21-1024x682.jpg\" alt=\"\" class=\"wp-image-10115\"\/><\/figure>\n\n\n\n<figure class=\"wp-block-image size-large\"><img decoding=\"async\" data-id=\"10116\" src=\"https:\/\/images.panoramatv.com.do\/wp-content\/uploads\/2023\/10\/0-22-1024x683.jpg\" alt=\"\" class=\"wp-image-10116\"\/><\/figure>\n<\/figure>\n","protected":false},"excerpt":{"rendered":"<p>El parque beneficiar\u00e1 a m\u00e1s de 20 mil residentes; cuenta con un sistema de c\u00e1maras monitoreadas por el 911 Santo Domingo D.N.- En un acto encabezado por el presidente de la Rep\u00fablica, Luis Abinader, la Alcald\u00eda del Distrito Nacional (ADN) y el Banco Popular Dominicano inauguraron el remozamiento del parque Velazcasas en la autopista 30 [&hellip;]<\/p>\n","protected":false},"author":1,"featured_media":10116,"comment_status":"open","ping_status":"open","sticky":false,"template":"","format":"standard","meta":{"_jetpack_memberships_contains_paid_content":false,"footnotes":"","jetpack_publicize_message":"","jetpack_publicize_feature_enabled":true,"jetpack_social_post_already_shared":true,"jetpack_social_options":{"image_generator_settings":{"template":"highway","enabled":false}}},"categories":[10],"tags":[211],"class_list":["post-10114","post","type-post","status-publish","format-standard","has-post-thumbnail","hentry","category-panorama-social","tag-ayuntamiento"],"jetpack_publicize_connections":[],"jetpack_sharing_enabled":true,"jetpack_featured_media_url":"https:\/\/images.panoramatv.com.do\/wp-content\/uploads\/2023\/10\/0-22-1378x919.jpg","jetpack_likes_enabled":true,"jetpack-related-posts":[],"_links":{"self":[{"href":"https:\/\/panoramatv.com.do\/index.php\/wp-json\/wp\/v2\/posts\/10114"}],"collection":[{"href":"https:\/\/panoramatv.com.do\/index.php\/wp-json\/wp\/v2\/posts"}],"about":[{"href":"https:\/\/panoramatv.com.do\/index.php\/wp-json\/wp\/v2\/types\/post"}],"author":[{"embeddable":true,"href":"https:\/\/panoramatv.com.do\/index.php\/wp-json\/wp\/v2\/users\/1"}],"replies":[{"embeddable":true,"href":"https:\/\/panoramatv.com.do\/index.php\/wp-json\/wp\/v2\/comments?post=10114"}],"version-history":[{"count":0,"href":"https:\/\/panoramatv.com.do\/index.php\/wp-json\/wp\/v2\/posts\/10114\/revisions"}],"wp:featuredmedia":[{"embeddable":true,"href":"https:\/\/panoramatv.com.do\/index.php\/wp-json\/wp\/v2\/media\/10116"}],"wp:attachment":[{"href":"https:\/\/panoramatv.com.do\/index.php\/wp-json\/wp\/v2\/media?parent=10114"}],"wp:term":[{"taxonomy":"category","embeddable":true,"href":"https:\/\/panoramatv.com.do\/index.php\/wp-json\/wp\/v2\/categories?post=10114"},{"taxonomy":"post_tag","embeddable":true,"href":"https:\/\/panoramatv.com.do\/index.php\/wp-json\/wp\/v2\/tags?post=10114"}],"curies":[{"name":"wp","href":"https:\/\/api.w.org\/{rel}","templated":true}]}}