{"id":10110,"date":"2023-10-17T19:42:16","date_gmt":"2023-10-17T23:42:16","guid":{"rendered":"https:\/\/panoramatv.com.do\/?p=10110"},"modified":"2023-10-17T19:42:28","modified_gmt":"2023-10-17T23:42:28","slug":"camara-de-diputados-aprueba-elevar-a-municipio-al-dm-la-victoria","status":"publish","type":"post","link":"https:\/\/panoramatv.com.do\/index.php\/2023\/10\/17\/camara-de-diputados-aprueba-elevar-a-municipio-al-dm-la-victoria\/","title":{"rendered":"C\u00e1mara de Diputados aprueba elevar a municipio al DM La Victoria"},"content":{"rendered":"\n<p><em>Tambi\u00e9n ratificaron la iniciativa que declara a Monte Plata como provincia ecotur\u00edstica<\/em><\/p>\n\n\n\n<p>La C\u00e1mara de Diputados aprob\u00f3 este martes un proyecto de ley que eleva a la categor\u00eda de municipio al distrito municipal La Victoria, ubicado al Norte, de la provincia Santo Domingo.<\/p>\n\n\n\n<p>La iniciativa legislativa, de la diputada de esa localidad, Lucrecia Santana Leyba, fue aprobada en dos lecturas consecutivas y va al Senado para su conocimiento en esa sala del Congreso.<\/p>\n\n\n\n<p>El proyecto fue estudiado por la Comisi\u00f3n de Asuntos Municipales de la C\u00e1mara de Diputados, la cual rindi\u00f3 un informe favorable.<\/p>\n\n\n\n<p>\u00abQue es digno promover las comunidades que han demostrado un desarrollo tangible en lo social, laboral, cultural y demogr\u00e1fico, que es el caso del distrito municipal La Victoria, el cual ha ido creciendo constantemente en todas las \u00e1reas y en poblaci\u00f3n, teniendo los servicios e infraestructuras necesarias para ser elevado, adem\u00e1s, cumple con todas las condiciones establecidas por las leyes y la Constituci\u00f3n\u00bb, establece el informe.<\/p>\n\n\n\n<p>De igual manera, los diputados aprobaron en dos lecturas consecutivas el proyecto de ley que declara a Monte Plata como provincia ecotur\u00edstica.<\/p>\n\n\n\n<p>En el proyecto de ley se establece que la provincia Monte Plata posee condiciones medioambientales \u00f3ptimas, ya que cuenta con una biodiversidad de gran valor, encerrada por \u00e1reas protegidas como el parque Los Haitises, considerado uno de los ecosistemas m\u00e1s espectaculares del pa\u00eds y de la regi\u00f3n del Caribe por su formaci\u00f3n geomorfol\u00f3gica y alto endemismo.<\/p>\n\n\n\n<p>Al solicitar la aprobaci\u00f3n de la iniciativa legislativa, el diputado de esa provincia, Rom\u00e1n de Jes\u00fas, dijo que hablar de Monte Plata es hablar de un para\u00edso que est\u00e1 ubicado en el centro de la Rep\u00fablica Dominicana.<\/p>\n\n\n\n<p>Previo al inicio de la sesi\u00f3n, los diputados rindieron un minuto de silencio en memoria del ex diputado por Santiago de los Caballeros, Miguel Rodr\u00edguez y por Arturo Batista, quien fue un icono del deporte de San Juan de la Maguana, solicitado por los diputados Soraya Su\u00e1rez y M\u00e9lido Mercedes, respectivamente.<\/p>\n\n\n\n<figure class=\"wp-block-image size-large\"><img decoding=\"async\" src=\"https:\/\/images.panoramatv.com.do\/wp-content\/uploads\/2023\/10\/0-21-1024x683.jpg\" alt=\"\" class=\"wp-image-10111\"\/><\/figure>\n","protected":false},"excerpt":{"rendered":"<p>Tambi\u00e9n ratificaron la iniciativa que declara a Monte Plata como provincia ecotur\u00edstica La C\u00e1mara de Diputados aprob\u00f3 este martes un proyecto de ley que eleva a la categor\u00eda de municipio al distrito municipal La Victoria, ubicado al Norte, de la provincia Santo Domingo. La iniciativa legislativa, de la diputada de esa localidad, Lucrecia Santana Leyba, [&hellip;]<\/p>\n","protected":false},"author":1,"featured_media":10111,"comment_status":"open","ping_status":"open","sticky":false,"template":"","format":"standard","meta":{"_jetpack_memberships_contains_paid_content":false,"footnotes":"","jetpack_publicize_message":"","jetpack_publicize_feature_enabled":true,"jetpack_social_post_already_shared":true,"jetpack_social_options":{"image_generator_settings":{"template":"highway","enabled":false}}},"categories":[1],"tags":[759],"class_list":["post-10110","post","type-post","status-publish","format-standard","has-post-thumbnail","hentry","category-actualidad","tag-camara-de-diputados"],"jetpack_publicize_connections":[],"jetpack_sharing_enabled":true,"jetpack_featured_media_url":"https:\/\/images.panoramatv.com.do\/wp-content\/uploads\/2023\/10\/0-21-1378x919.jpg","jetpack_likes_enabled":true,"jetpack-related-posts":[],"_links":{"self":[{"href":"https:\/\/panoramatv.com.do\/index.php\/wp-json\/wp\/v2\/posts\/10110"}],"collection":[{"href":"https:\/\/panoramatv.com.do\/index.php\/wp-json\/wp\/v2\/posts"}],"about":[{"href":"https:\/\/panoramatv.com.do\/index.php\/wp-json\/wp\/v2\/types\/post"}],"author":[{"embeddable":true,"href":"https:\/\/panoramatv.com.do\/index.php\/wp-json\/wp\/v2\/users\/1"}],"replies":[{"embeddable":true,"href":"https:\/\/panoramatv.com.do\/index.php\/wp-json\/wp\/v2\/comments?post=10110"}],"version-history":[{"count":0,"href":"https:\/\/panoramatv.com.do\/index.php\/wp-json\/wp\/v2\/posts\/10110\/revisions"}],"wp:featuredmedia":[{"embeddable":true,"href":"https:\/\/panoramatv.com.do\/index.php\/wp-json\/wp\/v2\/media\/10111"}],"wp:attachment":[{"href":"https:\/\/panoramatv.com.do\/index.php\/wp-json\/wp\/v2\/media?parent=10110"}],"wp:term":[{"taxonomy":"category","embeddable":true,"href":"https:\/\/panoramatv.com.do\/index.php\/wp-json\/wp\/v2\/categories?post=10110"},{"taxonomy":"post_tag","embeddable":true,"href":"https:\/\/panoramatv.com.do\/index.php\/wp-json\/wp\/v2\/tags?post=10110"}],"curies":[{"name":"wp","href":"https:\/\/api.w.org\/{rel}","templated":true}]}}