{"id":10103,"date":"2023-10-12T20:57:32","date_gmt":"2023-10-13T00:57:32","guid":{"rendered":"https:\/\/panoramatv.com.do\/?p=10103"},"modified":"2023-10-12T20:57:44","modified_gmt":"2023-10-13T00:57:44","slug":"republica-dominicana-y-colombia-definen-pasos-para-el-manejo-conjunto-de-la-cordillera-submarina-beata","status":"publish","type":"post","link":"https:\/\/panoramatv.com.do\/index.php\/2023\/10\/12\/republica-dominicana-y-colombia-definen-pasos-para-el-manejo-conjunto-de-la-cordillera-submarina-beata\/","title":{"rendered":"Rep\u00fablica Dominicana y Colombia definen pasos para el manejo conjunto de la cordillera submarina Beata\u00a0"},"content":{"rendered":"\n<p><strong>SANTO DOMINGO (Rep\u00fablica Dominicana).-<\/strong>&nbsp;El Ministerio de Medio Ambiente y Recursos Naturales (MMARN) y la Reserva Natural del Sistema de Parques Nacionales Cordillera Beata (RNCB), de Colombia, realizaron un taller para articular mecanismos en aras de establecer un manejo conjunto de la cordillera Beata, una excepcional cadena de montes y planicies sumergidas en el mar Caribe, que alberga numerosas especies marinas.&nbsp;<\/p>\n\n\n\n<p>El intercambio de experiencias se produce en el marco de las acciones que ambos pa\u00edses llevan a cabo para dar cumplimiento a la declaraci\u00f3n conjunta que suscribieron el 26 de julio de 2022, con la finalidad de instituir el primer corredor de conservaci\u00f3n de los montes submarinos en aguas dominicanas y colombianas.&nbsp;<\/p>\n\n\n\n<p>El Estado colombiano ya ha declarado un \u00e1rea protegida oce\u00e1nica denominada Reserva Natural Cordillera Beata, con una extensi\u00f3n de aproximadamente 33 mil km2, para la cual elabora un plan de manejo.&nbsp;<\/p>\n\n\n\n<p>Mientras, Rep\u00fablica Dominicana articula cooperaci\u00f3n internacional para iniciar estudios cient\u00edficos y llevar a cabo un proceso amplio de socializaci\u00f3n con distintos sectores, con el objetivo de definir mecanismos que permitan una conservaci\u00f3n adecuada de la cordillera submarina.&nbsp;<\/p>\n\n\n\n<p>El compromiso asumido por ambos pa\u00edses contempla la realizaci\u00f3n de levantamientos cartogr\u00e1ficos y geogr\u00e1ficos, as\u00ed como la ejecuci\u00f3n de un trabajo de biolog\u00eda en conjunto para analizar las especies end\u00e9micas de la cordillera Beata, que tiene 450 kil\u00f3metros de largo y 300 de ancho.&nbsp;<\/p>\n\n\n\n<figure class=\"wp-block-image size-large\"><img decoding=\"async\" src=\"https:\/\/images.panoramatv.com.do\/wp-content\/uploads\/2023\/10\/0-20-1024x682.jpg\" alt=\"\" class=\"wp-image-10104\"\/><\/figure>\n","protected":false},"excerpt":{"rendered":"<p>SANTO DOMINGO (Rep\u00fablica Dominicana).-&nbsp;El Ministerio de Medio Ambiente y Recursos Naturales (MMARN) y la Reserva Natural del Sistema de Parques Nacionales Cordillera Beata (RNCB), de Colombia, realizaron un taller para articular mecanismos en aras de establecer un manejo conjunto de la cordillera Beata, una excepcional cadena de montes y planicies sumergidas en el mar Caribe, [&hellip;]<\/p>\n","protected":false},"author":1,"featured_media":10104,"comment_status":"open","ping_status":"open","sticky":false,"template":"","format":"standard","meta":{"_jetpack_memberships_contains_paid_content":false,"footnotes":"","jetpack_publicize_message":"","jetpack_publicize_feature_enabled":true,"jetpack_social_post_already_shared":true,"jetpack_social_options":{"image_generator_settings":{"template":"highway","enabled":false}}},"categories":[1],"tags":[],"class_list":["post-10103","post","type-post","status-publish","format-standard","has-post-thumbnail","hentry","category-actualidad"],"jetpack_publicize_connections":[],"jetpack_sharing_enabled":true,"jetpack_featured_media_url":"https:\/\/images.panoramatv.com.do\/wp-content\/uploads\/2023\/10\/0-20-1379x919.jpg","jetpack_likes_enabled":true,"jetpack-related-posts":[],"_links":{"self":[{"href":"https:\/\/panoramatv.com.do\/index.php\/wp-json\/wp\/v2\/posts\/10103"}],"collection":[{"href":"https:\/\/panoramatv.com.do\/index.php\/wp-json\/wp\/v2\/posts"}],"about":[{"href":"https:\/\/panoramatv.com.do\/index.php\/wp-json\/wp\/v2\/types\/post"}],"author":[{"embeddable":true,"href":"https:\/\/panoramatv.com.do\/index.php\/wp-json\/wp\/v2\/users\/1"}],"replies":[{"embeddable":true,"href":"https:\/\/panoramatv.com.do\/index.php\/wp-json\/wp\/v2\/comments?post=10103"}],"version-history":[{"count":0,"href":"https:\/\/panoramatv.com.do\/index.php\/wp-json\/wp\/v2\/posts\/10103\/revisions"}],"wp:featuredmedia":[{"embeddable":true,"href":"https:\/\/panoramatv.com.do\/index.php\/wp-json\/wp\/v2\/media\/10104"}],"wp:attachment":[{"href":"https:\/\/panoramatv.com.do\/index.php\/wp-json\/wp\/v2\/media?parent=10103"}],"wp:term":[{"taxonomy":"category","embeddable":true,"href":"https:\/\/panoramatv.com.do\/index.php\/wp-json\/wp\/v2\/categories?post=10103"},{"taxonomy":"post_tag","embeddable":true,"href":"https:\/\/panoramatv.com.do\/index.php\/wp-json\/wp\/v2\/tags?post=10103"}],"curies":[{"name":"wp","href":"https:\/\/api.w.org\/{rel}","templated":true}]}}