{"id":10099,"date":"2023-10-12T20:55:35","date_gmt":"2023-10-13T00:55:35","guid":{"rendered":"https:\/\/panoramatv.com.do\/?p=10099"},"modified":"2023-10-12T20:55:49","modified_gmt":"2023-10-13T00:55:49","slug":"diputados-aprobaron-varios-convenios-y-rinden-un-minuto-de-silencio-en-memoria-de-las-victimas-de-israel-y-gaza","status":"publish","type":"post","link":"https:\/\/panoramatv.com.do\/index.php\/2023\/10\/12\/diputados-aprobaron-varios-convenios-y-rinden-un-minuto-de-silencio-en-memoria-de-las-victimas-de-israel-y-gaza\/","title":{"rendered":"Diputados aprobaron varios convenios y rinden un minuto de silencio en memoria de las v\u00edctimas de Israel y Gaza"},"content":{"rendered":"\n<p>La C\u00e1mara de Diputados aprob\u00f3 en la sesi\u00f3n de este mi\u00e9rcoles la resoluci\u00f3n aprobatoria del convenio constitutivo de la Agencia Latinoamericana y Caribe\u00f1a del Espacio (ALCE), de fecha 18 de septiembre de 2021, firmado por la Rep\u00fablica Dominicana, el 8 de febrero de 2022.<\/p>\n\n\n\n<p>Tambi\u00e9n, los diputados aprobaron la resoluci\u00f3n aprobatoria de la enmienda al Convenio de Basilea sobre el control de los movimientos transfronterizos de los desechos peligrosos y su eliminaci\u00f3n, adoptada en Ginebra el 22 de septiembre de 1995.<\/p>\n\n\n\n<p>Ambas resoluciones fueron sometidas al Congreso Nacional por el Poder Ejecutivo.<\/p>\n\n\n\n<p>Adem\u00e1s, los diputados aprobaron designar una comisi\u00f3n especial para estudiar el proyecto de ley que deroga y sustituye la Ley n\u00famero 6133, del 17 de diciembre de 1962, que dicta la Ley Org\u00e1nica del Banco de Reservas de la Rep\u00fablica Dominicana, depositado en la C\u00e1mara de Diputados por el Poder Ejecutivo.<\/p>\n\n\n\n<p>Previo al inicio de la sesi\u00f3n, el pleno de los diputados rindi\u00f3 un minuto de silencio en memoria de las v\u00edctimas del conflicto armado entre Israel y la Franja de Gaza, a solicitud de la presidenta del Grupo Parlamentario Dominico-Israel\u00ed, Priscila D\u2019Oleo.<\/p>\n\n\n\n<p>Hablando a nombre del Grupo Parlamentario, D\u2019Oleo aprovech\u00f3 el turno previo para condenar en\u00e9rgicamente los ataques contra la poblaci\u00f3n civil israel\u00ed, llevados a cabo por la organizaci\u00f3n terrorista Ham\u00e1s. \u00abApoyamos el derecho de Israel a ejercer la leg\u00edtima defensa en los t\u00e9rminos que establece el derecho internacional para garantizar la seguridad de sus ciudadanos\u00bb.<\/p>\n\n\n\n<p>La representante de Mar\u00eda Trinidad S\u00e1nchez hizo un llamado a la comunidad internacional para que intervenga en procura de que cese el bombardeo de cohetes contra civiles de Israel y que el grupo terrorista Ham\u00e1s retire sus bases de operaciones de los vecindarios de la Franja de Gaza.<\/p>\n\n\n\n<figure class=\"wp-block-gallery has-nested-images columns-default is-cropped wp-block-gallery-1 is-layout-flex wp-block-gallery-is-layout-flex\">\n<figure class=\"wp-block-image size-large\"><img decoding=\"async\" data-id=\"10101\" src=\"https:\/\/images.panoramatv.com.do\/wp-content\/uploads\/2023\/10\/1-20-1024x683.jpg\" alt=\"\" class=\"wp-image-10101\"\/><\/figure>\n\n\n\n<figure class=\"wp-block-image size-large\"><img decoding=\"async\" data-id=\"10100\" src=\"https:\/\/images.panoramatv.com.do\/wp-content\/uploads\/2023\/10\/0-19-1024x683.jpg\" alt=\"\" class=\"wp-image-10100\"\/><\/figure>\n<\/figure>\n","protected":false},"excerpt":{"rendered":"<p>La C\u00e1mara de Diputados aprob\u00f3 en la sesi\u00f3n de este mi\u00e9rcoles la resoluci\u00f3n aprobatoria del convenio constitutivo de la Agencia Latinoamericana y Caribe\u00f1a del Espacio (ALCE), de fecha 18 de septiembre de 2021, firmado por la Rep\u00fablica Dominicana, el 8 de febrero de 2022. Tambi\u00e9n, los diputados aprobaron la resoluci\u00f3n aprobatoria de la enmienda al [&hellip;]<\/p>\n","protected":false},"author":1,"featured_media":0,"comment_status":"open","ping_status":"open","sticky":false,"template":"","format":"standard","meta":{"_jetpack_memberships_contains_paid_content":false,"footnotes":"","jetpack_publicize_message":"","jetpack_publicize_feature_enabled":true,"jetpack_social_post_already_shared":true,"jetpack_social_options":{"image_generator_settings":{"template":"highway","enabled":false}}},"categories":[1],"tags":[759],"class_list":["post-10099","post","type-post","status-publish","format-standard","hentry","category-actualidad","tag-camara-de-diputados"],"jetpack_publicize_connections":[],"jetpack_sharing_enabled":true,"jetpack_featured_media_url":"","jetpack_likes_enabled":true,"jetpack-related-posts":[],"_links":{"self":[{"href":"https:\/\/panoramatv.com.do\/index.php\/wp-json\/wp\/v2\/posts\/10099"}],"collection":[{"href":"https:\/\/panoramatv.com.do\/index.php\/wp-json\/wp\/v2\/posts"}],"about":[{"href":"https:\/\/panoramatv.com.do\/index.php\/wp-json\/wp\/v2\/types\/post"}],"author":[{"embeddable":true,"href":"https:\/\/panoramatv.com.do\/index.php\/wp-json\/wp\/v2\/users\/1"}],"replies":[{"embeddable":true,"href":"https:\/\/panoramatv.com.do\/index.php\/wp-json\/wp\/v2\/comments?post=10099"}],"version-history":[{"count":0,"href":"https:\/\/panoramatv.com.do\/index.php\/wp-json\/wp\/v2\/posts\/10099\/revisions"}],"wp:attachment":[{"href":"https:\/\/panoramatv.com.do\/index.php\/wp-json\/wp\/v2\/media?parent=10099"}],"wp:term":[{"taxonomy":"category","embeddable":true,"href":"https:\/\/panoramatv.com.do\/index.php\/wp-json\/wp\/v2\/categories?post=10099"},{"taxonomy":"post_tag","embeddable":true,"href":"https:\/\/panoramatv.com.do\/index.php\/wp-json\/wp\/v2\/tags?post=10099"}],"curies":[{"name":"wp","href":"https:\/\/api.w.org\/{rel}","templated":true}]}}