{"id":10092,"date":"2023-10-12T20:51:50","date_gmt":"2023-10-13T00:51:50","guid":{"rendered":"https:\/\/panoramatv.com.do\/?p=10092"},"modified":"2023-10-12T20:52:02","modified_gmt":"2023-10-13T00:52:02","slug":"mescyt-obtiene-100-puntos-en-evaluacion-de-transparencia-realizada-por-la-digeig","status":"publish","type":"post","link":"https:\/\/panoramatv.com.do\/index.php\/2023\/10\/12\/mescyt-obtiene-100-puntos-en-evaluacion-de-transparencia-realizada-por-la-digeig\/","title":{"rendered":"MESCYT obtiene 100 puntos en evaluaci\u00f3n de Transparencia realizada por la DIGEIG"},"content":{"rendered":"\n<p>El Ministerio de Educaci\u00f3n Superior, Ciencia y Tecnolog\u00eda (MESCYT) obtuvo una calificaci\u00f3n de 100 puntos en la Evaluaci\u00f3n de Portales de Transparencia, realizada por la Direcci\u00f3n General de \u00c9tica e Integridad Gubernamental (DIGEIG), en el cumplimiento de las pol\u00edticas de estandarizaci\u00f3n de los portales web de las entidades estatales.<\/p>\n\n\n\n<p>Los resultados fueron arrojados como parte de una evaluaci\u00f3n realizada a trav\u00e9s del Portal \u00danico de Solicitudes de Acceso a la Informaci\u00f3n P\u00fablica (SAIP), bajo la Resoluci\u00f3n 002-2021 sobre las normas internas de la estandarizaci\u00f3n de los subportales de transparencia.<\/p>\n\n\n\n<p>El monitoreo del&nbsp;\u00f3rgano rector del gobierno abierto, lucha contra la corrupci\u00f3n, conflicto de inter\u00e9s y libre acceso a la informaci\u00f3n en el \u00e1mbito administrativo gubernamental, se ejecut\u00f3 en el mes de agosto de 2023, tomando como base la entrega a portales de&nbsp;libre acceso a la informaci\u00f3n, las publicaciones oficiales, declaraciones juradas de bienes, estad\u00edsticas, informaciones de servicios, planificaci\u00f3n, marco legal en sistemas de transparencia, finanzas, compras y contrataciones p\u00fablicas, proyectos y programas.<\/p>\n\n\n\n<p>El Gobierno busca con las calificaciones, proporcionar la entrega y prestaci\u00f3n de los servicios al ciudadano, a partir de la simplificaci\u00f3n de los tr\u00e1mites, haci\u00e9ndolos m\u00e1s r\u00e1pidos, sencillos y eficientes, adem\u00e1s de mejorar la eficacia de las entidades del sector p\u00fablico, con el uso de las TIC para fomentar la transparencia y la rendici\u00f3n de cuentas de la administraci\u00f3n p\u00fablica.<\/p>\n\n\n\n<p>El ministro del MESCYT, doctor Franklin Garc\u00eda Ferm\u00edn, explic\u00f3 que la eficacia, transparencia, y la \u00e9tica son instrumentos que forman parte de la pol\u00edtica de gobierno implementada por el presidente Luis Abinader.<\/p>\n\n\n<div class=\"wp-block-image\">\n<figure class=\"aligncenter size-full\"><img decoding=\"async\" src=\"https:\/\/images.panoramatv.com.do\/wp-content\/uploads\/2023\/10\/whatsapp-image-2022-08-14-at-95503-am-767x513.jpg\" alt=\"\" class=\"wp-image-10093\"\/><\/figure><\/div>","protected":false},"excerpt":{"rendered":"<p>El Ministerio de Educaci\u00f3n Superior, Ciencia y Tecnolog\u00eda (MESCYT) obtuvo una calificaci\u00f3n de 100 puntos en la Evaluaci\u00f3n de Portales de Transparencia, realizada por la Direcci\u00f3n General de \u00c9tica e Integridad Gubernamental (DIGEIG), en el cumplimiento de las pol\u00edticas de estandarizaci\u00f3n de los portales web de las entidades estatales. Los resultados fueron arrojados como parte [&hellip;]<\/p>\n","protected":false},"author":1,"featured_media":10093,"comment_status":"open","ping_status":"open","sticky":false,"template":"","format":"standard","meta":{"_jetpack_memberships_contains_paid_content":false,"footnotes":"","jetpack_publicize_message":"","jetpack_publicize_feature_enabled":true,"jetpack_social_post_already_shared":true,"jetpack_social_options":{"image_generator_settings":{"template":"highway","enabled":false}}},"categories":[1],"tags":[768],"class_list":["post-10092","post","type-post","status-publish","format-standard","has-post-thumbnail","hentry","category-actualidad","tag-mescyt"],"jetpack_publicize_connections":[],"jetpack_sharing_enabled":true,"jetpack_featured_media_url":"https:\/\/images.panoramatv.com.do\/wp-content\/uploads\/2023\/10\/whatsapp-image-2022-08-14-at-95503-am-767x513.jpg","jetpack_likes_enabled":true,"jetpack-related-posts":[],"_links":{"self":[{"href":"https:\/\/panoramatv.com.do\/index.php\/wp-json\/wp\/v2\/posts\/10092"}],"collection":[{"href":"https:\/\/panoramatv.com.do\/index.php\/wp-json\/wp\/v2\/posts"}],"about":[{"href":"https:\/\/panoramatv.com.do\/index.php\/wp-json\/wp\/v2\/types\/post"}],"author":[{"embeddable":true,"href":"https:\/\/panoramatv.com.do\/index.php\/wp-json\/wp\/v2\/users\/1"}],"replies":[{"embeddable":true,"href":"https:\/\/panoramatv.com.do\/index.php\/wp-json\/wp\/v2\/comments?post=10092"}],"version-history":[{"count":0,"href":"https:\/\/panoramatv.com.do\/index.php\/wp-json\/wp\/v2\/posts\/10092\/revisions"}],"wp:featuredmedia":[{"embeddable":true,"href":"https:\/\/panoramatv.com.do\/index.php\/wp-json\/wp\/v2\/media\/10093"}],"wp:attachment":[{"href":"https:\/\/panoramatv.com.do\/index.php\/wp-json\/wp\/v2\/media?parent=10092"}],"wp:term":[{"taxonomy":"category","embeddable":true,"href":"https:\/\/panoramatv.com.do\/index.php\/wp-json\/wp\/v2\/categories?post=10092"},{"taxonomy":"post_tag","embeddable":true,"href":"https:\/\/panoramatv.com.do\/index.php\/wp-json\/wp\/v2\/tags?post=10092"}],"curies":[{"name":"wp","href":"https:\/\/api.w.org\/{rel}","templated":true}]}}