{"id":10089,"date":"2023-10-12T20:50:01","date_gmt":"2023-10-13T00:50:01","guid":{"rendered":"https:\/\/panoramatv.com.do\/?p=10089"},"modified":"2023-10-12T20:50:13","modified_gmt":"2023-10-13T00:50:13","slug":"rd-recibio-545990-turistas-solo-en-septiembre","status":"publish","type":"post","link":"https:\/\/panoramatv.com.do\/index.php\/2023\/10\/12\/rd-recibio-545990-turistas-solo-en-septiembre\/","title":{"rendered":"RD recibi\u00f3 545,990 turistas s\u00f3lo en septiembre"},"content":{"rendered":"\n<p>El ministro Collado revela que 7,625,986 visitantes llegaron al pa\u00eds en el per\u00edodo enero-septiembre 2023<\/p>\n\n\n\n<p><strong>SANTO DOMINGO.-<\/strong>&nbsp;El ministro&nbsp; David Collado afirm\u00f3 este jueves que el turismo mantiene un \u00abcrecimiento indetenible\u00bb, al registrar este mes la llegada de 545,990 visitantes, alcanzando as\u00ed la hist\u00f3rica cifra de 7,625,986 en el per\u00edodo enero-septiembre.<\/p>\n\n\n\n<p>\u00abEsos son n\u00fameros hist\u00f3ricos, que se sienten en la econom\u00eda y lo mejor de todo es que ese crecimiento es indetenible\u00bb, dijo el ministro Collado al presentar las estad\u00edsticas del mes de septiembre, durante un acto llevado a cabo en el hotel El Embajador.<\/p>\n\n\n\n<p>Inform\u00f3 que, en septiembre, solo por la v\u00eda a\u00e9rea, al pa\u00eds ingresaron 478,794 turistas, lo que representa un 48% m\u00e1s que el mismo mes del 2019, 31% m\u00e1s que el 2021 y un 11% m\u00e1s que en el 2022.<\/p>\n\n\n\n<p>Expres\u00f3 que ese crecimiento sostenible tambi\u00e9n se refleja en la industria de cruceros.<\/p>\n\n\n\n<p>Se\u00f1al\u00f3 que en septiembre el pa\u00eds recibi\u00f3 la llegada de 67,196 cruceristas, sumando un 1,602,411 en el per\u00edodo.<\/p>\n\n\n\n<p><strong>enero-septiembre 2023<\/strong><\/p>\n\n\n\n<p>\u00abSi vemos esas cifras, estamos hablando que Rep\u00fablica Dominicana recibi\u00f3 en el per\u00edodo enero-septiembre 2023 nada m\u00e1s y nada menos que 7,625,986, un verdadero r\u00e9cord\u00bb, indic\u00f3 Collado.<\/p>\n\n\n\n<figure class=\"wp-block-image size-large\"><img decoding=\"async\" src=\"https:\/\/images.panoramatv.com.do\/wp-content\/uploads\/2023\/10\/0-18-1024x520.jpg\" alt=\"\" class=\"wp-image-10090\"\/><\/figure>\n","protected":false},"excerpt":{"rendered":"<p>El ministro Collado revela que 7,625,986 visitantes llegaron al pa\u00eds en el per\u00edodo enero-septiembre 2023 SANTO DOMINGO.-&nbsp;El ministro&nbsp; David Collado afirm\u00f3 este jueves que el turismo mantiene un \u00abcrecimiento indetenible\u00bb, al registrar este mes la llegada de 545,990 visitantes, alcanzando as\u00ed la hist\u00f3rica cifra de 7,625,986 en el per\u00edodo enero-septiembre. \u00abEsos son n\u00fameros hist\u00f3ricos, que [&hellip;]<\/p>\n","protected":false},"author":1,"featured_media":10090,"comment_status":"open","ping_status":"open","sticky":false,"template":"","format":"standard","meta":{"_jetpack_memberships_contains_paid_content":false,"footnotes":"","jetpack_publicize_message":"","jetpack_publicize_feature_enabled":true,"jetpack_social_post_already_shared":true,"jetpack_social_options":{"image_generator_settings":{"template":"highway","enabled":false}}},"categories":[44],"tags":[1505],"class_list":["post-10089","post","type-post","status-publish","format-standard","has-post-thumbnail","hentry","category-panorama-turistico","tag-ministerio-de-turismo"],"jetpack_publicize_connections":[],"jetpack_sharing_enabled":true,"jetpack_featured_media_url":"https:\/\/images.panoramatv.com.do\/wp-content\/uploads\/2023\/10\/0-18-1161x590.jpg","jetpack_likes_enabled":true,"jetpack-related-posts":[],"_links":{"self":[{"href":"https:\/\/panoramatv.com.do\/index.php\/wp-json\/wp\/v2\/posts\/10089"}],"collection":[{"href":"https:\/\/panoramatv.com.do\/index.php\/wp-json\/wp\/v2\/posts"}],"about":[{"href":"https:\/\/panoramatv.com.do\/index.php\/wp-json\/wp\/v2\/types\/post"}],"author":[{"embeddable":true,"href":"https:\/\/panoramatv.com.do\/index.php\/wp-json\/wp\/v2\/users\/1"}],"replies":[{"embeddable":true,"href":"https:\/\/panoramatv.com.do\/index.php\/wp-json\/wp\/v2\/comments?post=10089"}],"version-history":[{"count":0,"href":"https:\/\/panoramatv.com.do\/index.php\/wp-json\/wp\/v2\/posts\/10089\/revisions"}],"wp:featuredmedia":[{"embeddable":true,"href":"https:\/\/panoramatv.com.do\/index.php\/wp-json\/wp\/v2\/media\/10090"}],"wp:attachment":[{"href":"https:\/\/panoramatv.com.do\/index.php\/wp-json\/wp\/v2\/media?parent=10089"}],"wp:term":[{"taxonomy":"category","embeddable":true,"href":"https:\/\/panoramatv.com.do\/index.php\/wp-json\/wp\/v2\/categories?post=10089"},{"taxonomy":"post_tag","embeddable":true,"href":"https:\/\/panoramatv.com.do\/index.php\/wp-json\/wp\/v2\/tags?post=10089"}],"curies":[{"name":"wp","href":"https:\/\/api.w.org\/{rel}","templated":true}]}}