{"id":10077,"date":"2023-10-09T19:32:56","date_gmt":"2023-10-09T23:32:56","guid":{"rendered":"https:\/\/panoramatv.com.do\/?p=10077"},"modified":"2023-10-09T20:07:23","modified_gmt":"2023-10-10T00:07:23","slug":"hugo-beras-presenta-esfuerzos-del-intrant-en-materia-de-educacion-vial","status":"publish","type":"post","link":"https:\/\/panoramatv.com.do\/index.php\/2023\/10\/09\/hugo-beras-presenta-esfuerzos-del-intrant-en-materia-de-educacion-vial\/","title":{"rendered":"Hugo Beras presenta esfuerzos del Intrant en materia de educaci\u00f3n vial"},"content":{"rendered":"\n<p>A prop\u00f3sito de la celebraci\u00f3n este jueves del D\u00eda Internacional de la Educaci\u00f3n Vial, el Instituto Nacional de Tr\u00e1nsito y Transporte Terrestre (Intrant), a trav\u00e9s de la Escuela Nacional de Educaci\u00f3n Vial (Enevial), present\u00f3 hoy los avances que ha tenido el pa\u00eds en materia de educaci\u00f3n vial en lo que va de a\u00f1o, con el prop\u00f3sito de fomentar la conciencia sobre las buenas pr\u00e1cticas y disminuir las muertes y lesiones por accidentes tr\u00e1nsito.<\/p>\n\n\n\n<p>El director ejecutivo del Intrant, Hugo Beras, se\u00f1al\u00f3 que la Enevial ha impactado a m\u00e1s de 96 mil ciudadanos a trav\u00e9s de sus diferentes servicios formativos en lo que va de a\u00f1o, al tiempo de destacar que uno de los logros m\u00e1s significativos del Gobierno de Luis Abinader en esa materia ha sido la incorporaci\u00f3n de educaci\u00f3n vial, como parte de las novedades o ejes tem\u00e1ticos que contempla el curriculum educativo, avalado por el Ministerio de Educaci\u00f3n para el per\u00edodo 2023-2024\u201d.<\/p>\n\n\n\n<p>En ese sentido, Beras manifest\u00f3 que como la principal causa de la accidentalidad de tr\u00e1nsito en la Rep\u00fablica Dominicana est\u00e1 asociada al factor humano, desde enero al mes en curso el Intrant le ha ofrecido educaci\u00f3n a miles de ni\u00f1os, entre 6 y 16 a\u00f1os, de diferentes centros educativos del pa\u00eds, as\u00ed como a familias, a trav\u00e9s del Parque Infanto-Juvenil de Educaci\u00f3n Vial en la Ciudad Juan Bosch, ubicado en Santo Domingo Este, mediante charlas y actividades interactivas que buscan promover una cultura preventiva a temprana edad.<\/p>\n\n\n\n<figure class=\"wp-block-gallery has-nested-images columns-default is-cropped wp-block-gallery-1 is-layout-flex wp-block-gallery-is-layout-flex\">\n<figure class=\"wp-block-image size-large\"><img decoding=\"async\" data-id=\"10078\" src=\"https:\/\/images.panoramatv.com.do\/wp-content\/uploads\/2023\/10\/1-17-1024x683.jpg\" alt=\"\" class=\"wp-image-10078\"\/><\/figure>\n\n\n\n<figure class=\"wp-block-image size-large\"><img decoding=\"async\" data-id=\"10079\" src=\"https:\/\/images.panoramatv.com.do\/wp-content\/uploads\/2023\/10\/0-16-1024x682.jpg\" alt=\"\" class=\"wp-image-10079\"\/><\/figure>\n<\/figure>\n","protected":false},"excerpt":{"rendered":"<p>A prop\u00f3sito de la celebraci\u00f3n este jueves del D\u00eda Internacional de la Educaci\u00f3n Vial, el Instituto Nacional de Tr\u00e1nsito y Transporte Terrestre (Intrant), a trav\u00e9s de la Escuela Nacional de Educaci\u00f3n Vial (Enevial), present\u00f3 hoy los avances que ha tenido el pa\u00eds en materia de educaci\u00f3n vial en lo que va de a\u00f1o, con el [&hellip;]<\/p>\n","protected":false},"author":1,"featured_media":10078,"comment_status":"open","ping_status":"open","sticky":false,"template":"","format":"standard","meta":{"_jetpack_memberships_contains_paid_content":false,"footnotes":"","jetpack_publicize_message":"","jetpack_publicize_feature_enabled":true,"jetpack_social_post_already_shared":true,"jetpack_social_options":{"image_generator_settings":{"template":"highway","enabled":false}}},"categories":[1],"tags":[92],"class_list":["post-10077","post","type-post","status-publish","format-standard","has-post-thumbnail","hentry","category-actualidad","tag-intrant"],"jetpack_publicize_connections":[],"jetpack_sharing_enabled":true,"jetpack_featured_media_url":"https:\/\/panoramatv.com.do\/wp-content\/uploads\/2023\/10\/1-17-1378x919.jpg","jetpack_likes_enabled":true,"jetpack-related-posts":[],"_links":{"self":[{"href":"https:\/\/panoramatv.com.do\/index.php\/wp-json\/wp\/v2\/posts\/10077","targetHints":{"allow":["GET"]}}],"collection":[{"href":"https:\/\/panoramatv.com.do\/index.php\/wp-json\/wp\/v2\/posts"}],"about":[{"href":"https:\/\/panoramatv.com.do\/index.php\/wp-json\/wp\/v2\/types\/post"}],"author":[{"embeddable":true,"href":"https:\/\/panoramatv.com.do\/index.php\/wp-json\/wp\/v2\/users\/1"}],"replies":[{"embeddable":true,"href":"https:\/\/panoramatv.com.do\/index.php\/wp-json\/wp\/v2\/comments?post=10077"}],"version-history":[{"count":0,"href":"https:\/\/panoramatv.com.do\/index.php\/wp-json\/wp\/v2\/posts\/10077\/revisions"}],"wp:featuredmedia":[{"embeddable":true,"href":"https:\/\/panoramatv.com.do\/index.php\/wp-json\/wp\/v2\/media\/10078"}],"wp:attachment":[{"href":"https:\/\/panoramatv.com.do\/index.php\/wp-json\/wp\/v2\/media?parent=10077"}],"wp:term":[{"taxonomy":"category","embeddable":true,"href":"https:\/\/panoramatv.com.do\/index.php\/wp-json\/wp\/v2\/categories?post=10077"},{"taxonomy":"post_tag","embeddable":true,"href":"https:\/\/panoramatv.com.do\/index.php\/wp-json\/wp\/v2\/tags?post=10077"}],"curies":[{"name":"wp","href":"https:\/\/api.w.org\/{rel}","templated":true}]}}