{"id":10008,"date":"2023-10-01T10:17:48","date_gmt":"2023-10-01T14:17:48","guid":{"rendered":"https:\/\/panoramatv.com.do\/?p=10008"},"modified":"2023-10-01T10:37:30","modified_gmt":"2023-10-01T14:37:30","slug":"hugo-beras-aborda-avances-de-movilidad-en-foro-la-ciudad-con-miras-a-conexiones-sostenibles","status":"publish","type":"post","link":"https:\/\/panoramatv.com.do\/index.php\/2023\/10\/01\/hugo-beras-aborda-avances-de-movilidad-en-foro-la-ciudad-con-miras-a-conexiones-sostenibles\/","title":{"rendered":"Hugo Beras aborda avances de movilidad en foro \u201cLa Ciudad con Miras a Conexiones Sostenibles\u201d"},"content":{"rendered":"\n<p>Con la presencia del ministro de la Presidencia, Joel Santos, el director ejecutivo del Instituto Nacional de Tr\u00e1nsito y Transporte Terrestre (Intrant), Hugo Beras, y el embajador de Francia Eric Fournier, se llev\u00f3 a cabo el foro \u00abLa Ciudad con Miras a Conexiones Sostenibles\u201d, donde se abordaron los avances de los proyectos y pol\u00edticas implementadas por el Gobierno para el desarrollo de la movilidad sostenible en el pa\u00eds, &nbsp;con un enfoque al proyecto&nbsp;Apoyo a la Implementaci\u00f3n del Programa de Movilidad Urbana Sostenible (AIPMUS), financiado por la Uni\u00f3n Europea.<\/p>\n\n\n\n<p>En el foro, desarrollado en el marco de la Semana Nacional de Movilidad Sostenible 2023, el ministro de la Presidencia manifest\u00f3 que el Gobierno de Luis Abinader, con estrategias modernas y espec\u00edficas, tiene un compromiso con el Estado dominicano en materia de movilidad urbana y sostenible, orientado a una movilidad digna y eficiente.<\/p>\n\n\n\n<p>\u201cEl transporte es una de las grandes prioridades del Gobierno, con decisiones tomadas a corto, mediano y largo plazo. Luis Abinader est\u00e1 comprometido con mejorar la seguridad vial y la calidad de vida de cada dominicano, porque de esa forma seguiremos haciendo patria\u201d, precis\u00f3 Joel Santos.<\/p>\n\n\n\n<p>De su lado, el titular del Intrant, Hugo Beras, dijo que el Sistema Integrado de Transporte P\u00fablico (SITP), compuesto por el Metro y el Telef\u00e9rico de Santo Domingo, as\u00ed como la OMSA, representan uno de los mayores logros para el pa\u00eds en materia de movilidad, y que, en direcci\u00f3n a la modernizaci\u00f3n del parque vehicular, se habilitar\u00e1n doce corredores que facilitar\u00e1n las conexiones de los ciudadanos y mejorar\u00e1n su econom\u00eda.<\/p>\n\n\n\n<p>Hugo Beras manifest\u00f3 que el pa\u00eds seguir\u00e1 experimentando mejoras en cuanto movilidad sostenible, y que para los fines har\u00e1 extensi\u00f3n de los modelos de transporte ya existentes en el Gran Santo Domingo, y que a eso se le suma la construcci\u00f3n del Monorriel y el Telef\u00e9rico en la ciudad de Santiago de los Caballeros, donde tambi\u00e9n se instalar\u00e1 un sistema de observaci\u00f3n de c\u00e1mara, que m\u00e1s adelante se colocar\u00e1 en las principales carreteras del pa\u00eds.<\/p>\n\n\n\n<figure class=\"wp-block-gallery has-nested-images columns-default is-cropped wp-block-gallery-1 is-layout-flex wp-block-gallery-is-layout-flex\">\n<figure class=\"wp-block-image size-large\"><img decoding=\"async\" data-id=\"10010\" src=\"https:\/\/images.panoramatv.com.do\/wp-content\/uploads\/2023\/10\/1-7-1024x673.jpg\" alt=\"\" class=\"wp-image-10010\"\/><\/figure>\n\n\n\n<figure class=\"wp-block-image size-large\"><img decoding=\"async\" data-id=\"10009\" src=\"https:\/\/images.panoramatv.com.do\/wp-content\/uploads\/2023\/10\/0-6-1024x683.jpg\" alt=\"\" class=\"wp-image-10009\"\/><\/figure>\n<\/figure>\n","protected":false},"excerpt":{"rendered":"<p>Con la presencia del ministro de la Presidencia, Joel Santos, el director ejecutivo del Instituto Nacional de Tr\u00e1nsito y Transporte Terrestre (Intrant), Hugo Beras, y el embajador de Francia Eric Fournier, se llev\u00f3 a cabo el foro \u00abLa Ciudad con Miras a Conexiones Sostenibles\u201d, donde se abordaron los avances de los proyectos y pol\u00edticas implementadas [&hellip;]<\/p>\n","protected":false},"author":1,"featured_media":10010,"comment_status":"open","ping_status":"open","sticky":false,"template":"","format":"standard","meta":{"_jetpack_memberships_contains_paid_content":false,"footnotes":"","jetpack_publicize_message":"","jetpack_publicize_feature_enabled":true,"jetpack_social_post_already_shared":true,"jetpack_social_options":{"image_generator_settings":{"template":"highway","enabled":false}}},"categories":[1],"tags":[92],"class_list":["post-10008","post","type-post","status-publish","format-standard","has-post-thumbnail","hentry","category-actualidad","tag-intrant"],"jetpack_publicize_connections":[],"jetpack_sharing_enabled":true,"jetpack_featured_media_url":"https:\/\/panoramatv.com.do\/wp-content\/uploads\/2023\/10\/1-7-1398x919.jpg","jetpack_likes_enabled":true,"jetpack-related-posts":[],"_links":{"self":[{"href":"https:\/\/panoramatv.com.do\/index.php\/wp-json\/wp\/v2\/posts\/10008","targetHints":{"allow":["GET"]}}],"collection":[{"href":"https:\/\/panoramatv.com.do\/index.php\/wp-json\/wp\/v2\/posts"}],"about":[{"href":"https:\/\/panoramatv.com.do\/index.php\/wp-json\/wp\/v2\/types\/post"}],"author":[{"embeddable":true,"href":"https:\/\/panoramatv.com.do\/index.php\/wp-json\/wp\/v2\/users\/1"}],"replies":[{"embeddable":true,"href":"https:\/\/panoramatv.com.do\/index.php\/wp-json\/wp\/v2\/comments?post=10008"}],"version-history":[{"count":0,"href":"https:\/\/panoramatv.com.do\/index.php\/wp-json\/wp\/v2\/posts\/10008\/revisions"}],"wp:featuredmedia":[{"embeddable":true,"href":"https:\/\/panoramatv.com.do\/index.php\/wp-json\/wp\/v2\/media\/10010"}],"wp:attachment":[{"href":"https:\/\/panoramatv.com.do\/index.php\/wp-json\/wp\/v2\/media?parent=10008"}],"wp:term":[{"taxonomy":"category","embeddable":true,"href":"https:\/\/panoramatv.com.do\/index.php\/wp-json\/wp\/v2\/categories?post=10008"},{"taxonomy":"post_tag","embeddable":true,"href":"https:\/\/panoramatv.com.do\/index.php\/wp-json\/wp\/v2\/tags?post=10008"}],"curies":[{"name":"wp","href":"https:\/\/api.w.org\/{rel}","templated":true}]}}